{"id":30824,"date":"2018-09-20T19:16:55","date_gmt":"2018-09-20T19:16:55","guid":{"rendered":""},"modified":"2018-09-20T19:16:55","modified_gmt":"2018-09-20T19:16:55","slug":"declaran-desierto-acto-publico-del-nuevo-complejo-penitenciario-de-colon","status":"publish","type":"post","link":"https:\/\/sertv.gob.pa\/nacionalfm\/declaran-desierto-acto-publico-del-nuevo-complejo-penitenciario-de-colon\/","title":{"rendered":"Declaran desierto Acto P\u00fablico del Nuevo Complejo Penitenciario de Col\u00f3n"},"content":{"rendered":"<p>\nEl Ministerio de Gobierno, a trav\u00e9s de la direcci\u00f3n de Proveedur\u00eda y Compras, informa que mediante resoluci\u00f3n de la Direcci\u00f3n General de Contrataciones P\u00fablicas N\u00b0RD-071 del 17 de septiembre de 2018, se declar\u00f3 desierto el acto p\u00fablico del proyecto por mejor valor para el Estudio, Dise\u00f1o, Construcci\u00f3n y Equipamiento del Nuevo Complejo Penitenciario de Col\u00f3n, cuyo precio de referencia es de 70,405,353.20 balboas. <\/p>\n<p>La resoluci\u00f3n indica que ninguna de las propuestas presentadas, cumplieron con los requisitos y exigencias establecidas en el pliego de cargos para alcanzar el puntaje m\u00ednimo establecido. <\/p>\n<p>El Ministerio de Gobierno, reitera el compromiso de continuar con las gestiones correspondientes, atendiendo a la Ley de Contrataciones P\u00fablicas, para llevar adelante la realizaci\u00f3n de este proyecto. <\/p>\n<p>Cabe destacar, que el dise\u00f1o de este nuevo complejo contempla la construcci\u00f3n de dos centros totalmente separados e independientes y que albergar\u00e1 al centro masculino con capacidad para (1,570) privados de libertad y el otro al centro femenino para una poblaci\u00f3n de (76) privadas de libertad, para un gran total de (1,646) personas. <\/p>\n<p>Adem\u00e1s, edificios de admisi\u00f3n, requisas e ingreso, sitios de alojamiento o dormitorios, \u00e1rea de salud, visitas generales, judiciales y consulares. Igualmente, contempla la construcci\u00f3n de edificios escolares, talleres formativos y productivos, cuadras de custodios y custodias, secci\u00f3n de cocina y canchas deportiva, as\u00ed como sitios para uso espiritual o religioso, entre otras actividades. <\/p>\n","protected":false},"excerpt":{"rendered":"<p>El Ministerio de Gobierno, a trav\u00e9s de la direcci\u00f3n de <a href=\"https:\/\/sertv.gob.pa\/nacionalfm\/declaran-desierto-acto-publico-del-nuevo-complejo-penitenciario-de-colon\/\"> [&#8230;]<\/a><\/p>\n","protected":false},"author":1,"featured_media":30825,"comment_status":"closed","ping_status":"closed","sticky":false,"template":"","format":"standard","meta":{"footnotes":""},"categories":[2],"tags":[],"class_list":["post-30824","post","type-post","status-publish","format-standard","has-post-thumbnail","hentry","category-nacionales"],"_links":{"self":[{"href":"https:\/\/sertv.gob.pa\/nacionalfm\/wp-json\/wp\/v2\/posts\/30824","targetHints":{"allow":["GET"]}}],"collection":[{"href":"https:\/\/sertv.gob.pa\/nacionalfm\/wp-json\/wp\/v2\/posts"}],"about":[{"href":"https:\/\/sertv.gob.pa\/nacionalfm\/wp-json\/wp\/v2\/types\/post"}],"author":[{"embeddable":true,"href":"https:\/\/sertv.gob.pa\/nacionalfm\/wp-json\/wp\/v2\/users\/1"}],"replies":[{"embeddable":true,"href":"https:\/\/sertv.gob.pa\/nacionalfm\/wp-json\/wp\/v2\/comments?post=30824"}],"version-history":[{"count":0,"href":"https:\/\/sertv.gob.pa\/nacionalfm\/wp-json\/wp\/v2\/posts\/30824\/revisions"}],"wp:featuredmedia":[{"embeddable":true,"href":"https:\/\/sertv.gob.pa\/nacionalfm\/wp-json\/wp\/v2\/media\/30825"}],"wp:attachment":[{"href":"https:\/\/sertv.gob.pa\/nacionalfm\/wp-json\/wp\/v2\/media?parent=30824"}],"wp:term":[{"taxonomy":"category","embeddable":true,"href":"https:\/\/sertv.gob.pa\/nacionalfm\/wp-json\/wp\/v2\/categories?post=30824"},{"taxonomy":"post_tag","embeddable":true,"href":"https:\/\/sertv.gob.pa\/nacionalfm\/wp-json\/wp\/v2\/tags?post=30824"}],"curies":[{"name":"wp","href":"https:\/\/api.w.org\/{rel}","templated":true}]}}