{"id":30826,"date":"2018-09-20T19:44:34","date_gmt":"2018-09-20T19:44:34","guid":{"rendered":""},"modified":"2018-09-20T19:44:34","modified_gmt":"2018-09-20T19:44:34","slug":"concluye-1ra-fase-del-programa-great-en-chiriqui","status":"publish","type":"post","link":"https:\/\/sertv.gob.pa\/nacionalfm\/concluye-1ra-fase-del-programa-great-en-chiriqui\/","title":{"rendered":"Concluye 1ra. Fase del Programa \u201cGREAT\u201d, en Chiriqu\u00ed"},"content":{"rendered":"<p>\nCon graduaciones en la Escuela\u00a0 de Los Abanicos y del Colegio Adventista Biling\u00fce de David, ambos centros educativos del mencionado distrito, finaliz\u00f3  la primera etapa del a\u00f1o 2018, del Programa\u00a0 de   Desarrollo Humano Great, &ldquo;Educaci\u00f3n y Entrenamiento  en  Resistencia a las Pandillas&rdquo;,  que lleva adelante la Polic\u00eda Nacional de Panam\u00e1, a trav\u00e9s de la Polic\u00eda de Ni\u00f1ez y Adolescencia de la 4ta Zona Policial de Chiriqu\u00ed. <\/p>\n<p>En esta etapa, se beneficiaron, igualmente, la escuela primaria \u00a0Lassonde y San Crist\u00f3bal,\u00a0 \u00a0420 ni\u00f1os y ni\u00f1as de 5to. y\u00a0 6to. grado y 40 j\u00f3venes de 7mo grado, quienes recibieron orientaci\u00f3n por un per\u00edodo de dos meses. <\/p>\n<p> Este programa, procura concientizar a los participantes, a fin de que sean entes multiplicadores en sus escuelas y hogares, \u00a0de c\u00f3mo decirle NO a las Pandillas y drogas; \u00a0c\u00f3mo \u00a0evitar el acoso escolar y la importancia de asistir a la escuela.  <\/p>\n<p>La segunda etapa, comenzar\u00e1 pr\u00f3ximamente en la Escuela El Varital, Le\u00f3n School y Mar\u00eda Olimpia de Obald\u00eda. Para esta gesti\u00f3n, se espera contar con una cantidad de estudiantes similar a la primera etapa. El instructor de este programa, es el Subteniente Francisco Ara\u00faz. <\/p>\n<p>El Comisionado Sisinio N\u00fa\u00f1ez, jefe de esta zona policial, y el Comisionado Carlos L\u00f3pez, encargado del \u00e1rea &ldquo;B&rdquo; de Bar\u00fa, clausuraron estas graduaciones; felicitaron a los estudiantes y los alentaron a poner en pr\u00e1ctica los conocimientos adquiridos, y que en sus manos est\u00e1n las herramientas para decirle No a las presiones de grupo, en beneficio de ellos mismos y de la sociedad. <\/p>\n","protected":false},"excerpt":{"rendered":"<p>Con graduaciones en la Escuela\u00a0 de Los Abanicos y del <a href=\"https:\/\/sertv.gob.pa\/nacionalfm\/concluye-1ra-fase-del-programa-great-en-chiriqui\/\"> [&#8230;]<\/a><\/p>\n","protected":false},"author":1,"featured_media":30827,"comment_status":"closed","ping_status":"closed","sticky":false,"template":"","format":"standard","meta":{"footnotes":""},"categories":[2],"tags":[],"class_list":["post-30826","post","type-post","status-publish","format-standard","has-post-thumbnail","hentry","category-nacionales"],"_links":{"self":[{"href":"https:\/\/sertv.gob.pa\/nacionalfm\/wp-json\/wp\/v2\/posts\/30826","targetHints":{"allow":["GET"]}}],"collection":[{"href":"https:\/\/sertv.gob.pa\/nacionalfm\/wp-json\/wp\/v2\/posts"}],"about":[{"href":"https:\/\/sertv.gob.pa\/nacionalfm\/wp-json\/wp\/v2\/types\/post"}],"author":[{"embeddable":true,"href":"https:\/\/sertv.gob.pa\/nacionalfm\/wp-json\/wp\/v2\/users\/1"}],"replies":[{"embeddable":true,"href":"https:\/\/sertv.gob.pa\/nacionalfm\/wp-json\/wp\/v2\/comments?post=30826"}],"version-history":[{"count":0,"href":"https:\/\/sertv.gob.pa\/nacionalfm\/wp-json\/wp\/v2\/posts\/30826\/revisions"}],"wp:featuredmedia":[{"embeddable":true,"href":"https:\/\/sertv.gob.pa\/nacionalfm\/wp-json\/wp\/v2\/media\/30827"}],"wp:attachment":[{"href":"https:\/\/sertv.gob.pa\/nacionalfm\/wp-json\/wp\/v2\/media?parent=30826"}],"wp:term":[{"taxonomy":"category","embeddable":true,"href":"https:\/\/sertv.gob.pa\/nacionalfm\/wp-json\/wp\/v2\/categories?post=30826"},{"taxonomy":"post_tag","embeddable":true,"href":"https:\/\/sertv.gob.pa\/nacionalfm\/wp-json\/wp\/v2\/tags?post=30826"}],"curies":[{"name":"wp","href":"https:\/\/api.w.org\/{rel}","templated":true}]}}