{"id":30828,"date":"2018-09-20T19:56:05","date_gmt":"2018-09-20T19:56:05","guid":{"rendered":""},"modified":"2018-09-20T19:56:05","modified_gmt":"2018-09-20T19:56:05","slug":"sanidad-vegetal-tramita-norma-iso-de-calidad-para-laboratorios-de-panama","status":"publish","type":"post","link":"https:\/\/sertv.gob.pa\/nacionalfm\/sanidad-vegetal-tramita-norma-iso-de-calidad-para-laboratorios-de-panama\/","title":{"rendered":"Sanidad Vegetal tramita Norma ISO de calidad para Laboratorios de Panam\u00e1"},"content":{"rendered":"<p>\nPersonal de la Gerencia de Calidad de la Direcci\u00f3n Nacional de Sanidad Vegetal, del Ministerio de Desarrollo Agropecuario (MIDA), se traslad\u00f3 recientemente a las instalaciones del laboratorio de Bio ensayo r\u00e1pido de Residuos de Plaguicidas en frutos y vegetales, situado en la ciudad de Las Tablas, provincia de Los Santos, para llevar a cabo, la auditor\u00eda interna bajo la Normativa ISO 9001:2015 que adem\u00e1s de ser un requisito que cumplir, es el \u00faltimo para la auditoria de certificaci\u00f3n. <\/p>\n<p>Acorde al coordinador de gerencia de Sanidad Vegetal, Jos\u00e9 Ortega, la finalidad de esta actividad, es cumplir con este requisito normativo y preparar la estaci\u00f3n de ensayo para la auditoria de certificaci\u00f3n ISO 9001 que realiza la empresa IGC <\/p>\n<p>Es importante enfatizar, que Sanidad Vegetal, tiene entre sus metas conseguir certificar con las normas de calidad, todos los laboratorios con que cuentan a nivel nacional, con el prop\u00f3sito de ofrecer un servicio de mejor calidad a los usuarios, productores e importadores. El objetivo general de la norma ISO a los servicios, es proporcionar confianza a todas las partes interesadas al demostrar que se cumple los requisitos especificados. El valor de la certificaci\u00f3n, es el grado de confianza que se establece mediante una demostraci\u00f3n imparcial y competente por una tercera parte del cumplimiento de los requisitos especificados.\u00a0 <\/p>\n<p>Acompa\u00f1aron a Ortega durante la auditor\u00eda, la Jefa del laboratorio Dalma V\u00e1squez, adem\u00e1s Juan Villarreal y Dalys Franco y por parte de la Gerencia de Calidad, Maddala Serrano y Anabelle Ram\u00edrez. <\/p>\n<p>\u00a0 <\/p>\n","protected":false},"excerpt":{"rendered":"<p>Personal de la Gerencia de Calidad de la Direcci\u00f3n Nacional <a href=\"https:\/\/sertv.gob.pa\/nacionalfm\/sanidad-vegetal-tramita-norma-iso-de-calidad-para-laboratorios-de-panama\/\"> [&#8230;]<\/a><\/p>\n","protected":false},"author":1,"featured_media":30829,"comment_status":"closed","ping_status":"closed","sticky":false,"template":"","format":"standard","meta":{"footnotes":""},"categories":[2],"tags":[],"class_list":["post-30828","post","type-post","status-publish","format-standard","has-post-thumbnail","hentry","category-nacionales"],"_links":{"self":[{"href":"https:\/\/sertv.gob.pa\/nacionalfm\/wp-json\/wp\/v2\/posts\/30828","targetHints":{"allow":["GET"]}}],"collection":[{"href":"https:\/\/sertv.gob.pa\/nacionalfm\/wp-json\/wp\/v2\/posts"}],"about":[{"href":"https:\/\/sertv.gob.pa\/nacionalfm\/wp-json\/wp\/v2\/types\/post"}],"author":[{"embeddable":true,"href":"https:\/\/sertv.gob.pa\/nacionalfm\/wp-json\/wp\/v2\/users\/1"}],"replies":[{"embeddable":true,"href":"https:\/\/sertv.gob.pa\/nacionalfm\/wp-json\/wp\/v2\/comments?post=30828"}],"version-history":[{"count":0,"href":"https:\/\/sertv.gob.pa\/nacionalfm\/wp-json\/wp\/v2\/posts\/30828\/revisions"}],"wp:featuredmedia":[{"embeddable":true,"href":"https:\/\/sertv.gob.pa\/nacionalfm\/wp-json\/wp\/v2\/media\/30829"}],"wp:attachment":[{"href":"https:\/\/sertv.gob.pa\/nacionalfm\/wp-json\/wp\/v2\/media?parent=30828"}],"wp:term":[{"taxonomy":"category","embeddable":true,"href":"https:\/\/sertv.gob.pa\/nacionalfm\/wp-json\/wp\/v2\/categories?post=30828"},{"taxonomy":"post_tag","embeddable":true,"href":"https:\/\/sertv.gob.pa\/nacionalfm\/wp-json\/wp\/v2\/tags?post=30828"}],"curies":[{"name":"wp","href":"https:\/\/api.w.org\/{rel}","templated":true}]}}