{"id":30830,"date":"2018-09-20T20:11:08","date_gmt":"2018-09-20T20:11:08","guid":{"rendered":""},"modified":"2018-09-20T20:11:08","modified_gmt":"2018-09-20T20:11:08","slug":"mida-veraguas-se-prepara-ante-posible-fenomeno-del-nino","status":"publish","type":"post","link":"https:\/\/sertv.gob.pa\/nacionalfm\/mida-veraguas-se-prepara-ante-posible-fenomeno-del-nino\/","title":{"rendered":"MIDA Veraguas se prepara ante posible \u201cFen\u00f3meno del Ni\u00f1o\u201d"},"content":{"rendered":"<p>\nEl Ministerio de Desarrollo Agropecuario a trav\u00e9s de Unidad Ambiental, convoc\u00f3 el d\u00eda 18 de septiembre a extensionistas del sector agropecuario de las direcciones del MIDA regi\u00f3n 2, Veraguas, en conjunto con los coordinadores de la Unidad Ambiental de las provincias de Herrera y Los Santos, a fin de evaluar una estrategia de trabajo que sirva de orientaci\u00f3n a los productores agr\u00edcola y pecuarios de las diferentes regiones de Panam\u00e1, que podr\u00edan verse afectadas ante la posibilidad del fen\u00f3meno del ni\u00f1o. <\/p>\n<p>El objetivo de la actividad, radica en prever y divulgar las consecuencias de este fen\u00f3meno tanto a nivel masivo y por agencia. Este evento se efectu\u00f3 en el sal\u00f3n Pati\u00f1o del Compa MIDA. <\/p>\n<p>Los expositores por la Coordinaci\u00f3n de Unidad Ambiental fueron, Casimiro Veliz, Virgilio Salazar y Guillermo Vargas por parte de la secretaria general. <\/p>\n<p>\u00a0 <\/p>\n","protected":false},"excerpt":{"rendered":"<p>El Ministerio de Desarrollo Agropecuario a trav\u00e9s de Unidad Ambiental, <a href=\"https:\/\/sertv.gob.pa\/nacionalfm\/mida-veraguas-se-prepara-ante-posible-fenomeno-del-nino\/\"> [&#8230;]<\/a><\/p>\n","protected":false},"author":1,"featured_media":30831,"comment_status":"closed","ping_status":"closed","sticky":false,"template":"","format":"standard","meta":{"footnotes":""},"categories":[2],"tags":[],"class_list":["post-30830","post","type-post","status-publish","format-standard","has-post-thumbnail","hentry","category-nacionales"],"_links":{"self":[{"href":"https:\/\/sertv.gob.pa\/nacionalfm\/wp-json\/wp\/v2\/posts\/30830","targetHints":{"allow":["GET"]}}],"collection":[{"href":"https:\/\/sertv.gob.pa\/nacionalfm\/wp-json\/wp\/v2\/posts"}],"about":[{"href":"https:\/\/sertv.gob.pa\/nacionalfm\/wp-json\/wp\/v2\/types\/post"}],"author":[{"embeddable":true,"href":"https:\/\/sertv.gob.pa\/nacionalfm\/wp-json\/wp\/v2\/users\/1"}],"replies":[{"embeddable":true,"href":"https:\/\/sertv.gob.pa\/nacionalfm\/wp-json\/wp\/v2\/comments?post=30830"}],"version-history":[{"count":0,"href":"https:\/\/sertv.gob.pa\/nacionalfm\/wp-json\/wp\/v2\/posts\/30830\/revisions"}],"wp:featuredmedia":[{"embeddable":true,"href":"https:\/\/sertv.gob.pa\/nacionalfm\/wp-json\/wp\/v2\/media\/30831"}],"wp:attachment":[{"href":"https:\/\/sertv.gob.pa\/nacionalfm\/wp-json\/wp\/v2\/media?parent=30830"}],"wp:term":[{"taxonomy":"category","embeddable":true,"href":"https:\/\/sertv.gob.pa\/nacionalfm\/wp-json\/wp\/v2\/categories?post=30830"},{"taxonomy":"post_tag","embeddable":true,"href":"https:\/\/sertv.gob.pa\/nacionalfm\/wp-json\/wp\/v2\/tags?post=30830"}],"curies":[{"name":"wp","href":"https:\/\/api.w.org\/{rel}","templated":true}]}}