{"id":30832,"date":"2018-09-21T12:10:07","date_gmt":"2018-09-21T12:10:07","guid":{"rendered":""},"modified":"2018-09-21T12:10:07","modified_gmt":"2018-09-21T12:10:07","slug":"mortalidad-por-alzheimer-se-ha-duplicado-en-los-ultimos-15-anos","status":"publish","type":"post","link":"https:\/\/sertv.gob.pa\/nacionalfm\/mortalidad-por-alzheimer-se-ha-duplicado-en-los-ultimos-15-anos\/","title":{"rendered":"Mortalidad por Alzheimer se ha duplicado en los \u00faltimos 15 a\u00f1os"},"content":{"rendered":"<p>\nEn los \u00faltimos 15 a\u00f1os, el Alzheimer y otras demencias se sit\u00faan como la segunda causa espec\u00edfica de muerte en Espa\u00f1a. Seg\u00fan la Organizaci\u00f3n Mundial de la Salud (OMS), la demencia es el grupo de enfermedades que m\u00e1s ha aumentado en mortalidad. En los \u00faltimos 15 a\u00f1os se ha duplicado. Concretamente en nuestro pa\u00eds, seg\u00fan datos de que proporciona la Sociedad Espa\u00f1ola de Neurolog\u00eda (SEN) con motivo del D\u00eda Mundial del Alzheimer, cada a\u00f1o se diagnostican 40.000 nuevos casos y se prev\u00e9 que aumenten. <\/p>\n<p>\u00abEstamos pues, ante una enfermedad que supone un gran reto sociosanitario y que, de no tomar medidas, supondr\u00e1 un problema a\u00fan mayor en los pr\u00f3ximos a\u00f1os. Puesto que a\u00fan no existe cura para esta enfermedad,  mejorar los tiempos de diagn\u00f3stico y tomar medidas para lograr que la poblaci\u00f3n envejezca de forma saludable , son actualmente las mejores medidas de las que disponemos para poner freno al Alzheimer\u00bb, se\u00f1ala Sagrario Manzano, coordinadora del Grupo de Estudio de Conducta y Demencias de la SEN. <\/p>\n<p>El Mundo <\/p>\n","protected":false},"excerpt":{"rendered":"<p>En los \u00faltimos 15 a\u00f1os, el Alzheimer y otras demencias <a href=\"https:\/\/sertv.gob.pa\/nacionalfm\/mortalidad-por-alzheimer-se-ha-duplicado-en-los-ultimos-15-anos\/\"> [&#8230;]<\/a><\/p>\n","protected":false},"author":1,"featured_media":30833,"comment_status":"closed","ping_status":"closed","sticky":false,"template":"","format":"standard","meta":{"footnotes":""},"categories":[5],"tags":[],"class_list":["post-30832","post","type-post","status-publish","format-standard","has-post-thumbnail","hentry","category-salud"],"_links":{"self":[{"href":"https:\/\/sertv.gob.pa\/nacionalfm\/wp-json\/wp\/v2\/posts\/30832","targetHints":{"allow":["GET"]}}],"collection":[{"href":"https:\/\/sertv.gob.pa\/nacionalfm\/wp-json\/wp\/v2\/posts"}],"about":[{"href":"https:\/\/sertv.gob.pa\/nacionalfm\/wp-json\/wp\/v2\/types\/post"}],"author":[{"embeddable":true,"href":"https:\/\/sertv.gob.pa\/nacionalfm\/wp-json\/wp\/v2\/users\/1"}],"replies":[{"embeddable":true,"href":"https:\/\/sertv.gob.pa\/nacionalfm\/wp-json\/wp\/v2\/comments?post=30832"}],"version-history":[{"count":0,"href":"https:\/\/sertv.gob.pa\/nacionalfm\/wp-json\/wp\/v2\/posts\/30832\/revisions"}],"wp:featuredmedia":[{"embeddable":true,"href":"https:\/\/sertv.gob.pa\/nacionalfm\/wp-json\/wp\/v2\/media\/30833"}],"wp:attachment":[{"href":"https:\/\/sertv.gob.pa\/nacionalfm\/wp-json\/wp\/v2\/media?parent=30832"}],"wp:term":[{"taxonomy":"category","embeddable":true,"href":"https:\/\/sertv.gob.pa\/nacionalfm\/wp-json\/wp\/v2\/categories?post=30832"},{"taxonomy":"post_tag","embeddable":true,"href":"https:\/\/sertv.gob.pa\/nacionalfm\/wp-json\/wp\/v2\/tags?post=30832"}],"curies":[{"name":"wp","href":"https:\/\/api.w.org\/{rel}","templated":true}]}}