{"id":30836,"date":"2018-09-21T16:18:30","date_gmt":"2018-09-21T16:18:30","guid":{"rendered":""},"modified":"2018-09-21T16:18:30","modified_gmt":"2018-09-21T16:18:30","slug":"nuevos-embajadores-de-canada-y-qatar-entregan-cartas-credenciales","status":"publish","type":"post","link":"https:\/\/sertv.gob.pa\/nacionalfm\/nuevos-embajadores-de-canada-y-qatar-entregan-cartas-credenciales\/","title":{"rendered":"Nuevos Embajadores de Canad\u00e1 y Qatar, entregan Cartas Credenciales"},"content":{"rendered":"<p>\nLa Viceministra de Asuntos Multilaterales y Cooperaci\u00f3n, Mar\u00eda Luisa Navarro, recibi\u00f3 recientemente, las copias de cartas credenciales de los nuevos Embajadores de Canad\u00e1 y del Estado de Qatar.\u00a0 <\/p>\n<p>Despu\u00e9s de la ceremonia protocolar, la Viceministra y los nuevos Embajadores, sostuvieron una audiencia privada donde reiteraron el inter\u00e9s de fortalecer los lazos de amistad existentes entre nuestros pa\u00edses.\u00a0 <\/p>\n<p>Con 30 a\u00f1os de experiencia en Relaciones Internacionales, la Embajadora de Canad\u00e1, Lilly Nicholls, tiene un postgrado en estudios para Latinoam\u00e9rica y el Caribe, una maestr\u00eda en Ciencias Pol\u00edticas con especializaci\u00f3n en Pol\u00edtica Econ\u00f3mica Internacional y un Doctorado en Desarrollo Internacional. <\/p>\n<p>Por otro lado, Saad Mubarak Saad Al Jafali Al Nuaimi, Embajador del Estado de Qatar,\u00a0 se ha desempe\u00f1ado en el \u00e1rea de gesti\u00f3n de la Informaci\u00f3n e investigaci\u00f3n y ha trabajado en las embajadas de su pa\u00eds acreditadas en Tokio y Berl\u00edn. <\/p>\n","protected":false},"excerpt":{"rendered":"<p>La Viceministra de Asuntos Multilaterales y Cooperaci\u00f3n, Mar\u00eda Luisa Navarro, <a href=\"https:\/\/sertv.gob.pa\/nacionalfm\/nuevos-embajadores-de-canada-y-qatar-entregan-cartas-credenciales\/\"> [&#8230;]<\/a><\/p>\n","protected":false},"author":1,"featured_media":30837,"comment_status":"closed","ping_status":"closed","sticky":false,"template":"","format":"standard","meta":{"footnotes":""},"categories":[2],"tags":[],"class_list":["post-30836","post","type-post","status-publish","format-standard","has-post-thumbnail","hentry","category-nacionales"],"_links":{"self":[{"href":"https:\/\/sertv.gob.pa\/nacionalfm\/wp-json\/wp\/v2\/posts\/30836","targetHints":{"allow":["GET"]}}],"collection":[{"href":"https:\/\/sertv.gob.pa\/nacionalfm\/wp-json\/wp\/v2\/posts"}],"about":[{"href":"https:\/\/sertv.gob.pa\/nacionalfm\/wp-json\/wp\/v2\/types\/post"}],"author":[{"embeddable":true,"href":"https:\/\/sertv.gob.pa\/nacionalfm\/wp-json\/wp\/v2\/users\/1"}],"replies":[{"embeddable":true,"href":"https:\/\/sertv.gob.pa\/nacionalfm\/wp-json\/wp\/v2\/comments?post=30836"}],"version-history":[{"count":0,"href":"https:\/\/sertv.gob.pa\/nacionalfm\/wp-json\/wp\/v2\/posts\/30836\/revisions"}],"wp:featuredmedia":[{"embeddable":true,"href":"https:\/\/sertv.gob.pa\/nacionalfm\/wp-json\/wp\/v2\/media\/30837"}],"wp:attachment":[{"href":"https:\/\/sertv.gob.pa\/nacionalfm\/wp-json\/wp\/v2\/media?parent=30836"}],"wp:term":[{"taxonomy":"category","embeddable":true,"href":"https:\/\/sertv.gob.pa\/nacionalfm\/wp-json\/wp\/v2\/categories?post=30836"},{"taxonomy":"post_tag","embeddable":true,"href":"https:\/\/sertv.gob.pa\/nacionalfm\/wp-json\/wp\/v2\/tags?post=30836"}],"curies":[{"name":"wp","href":"https:\/\/api.w.org\/{rel}","templated":true}]}}