{"id":30838,"date":"2018-09-21T16:31:55","date_gmt":"2018-09-21T16:31:55","guid":{"rendered":""},"modified":"2018-09-21T16:31:55","modified_gmt":"2018-09-21T16:31:55","slug":"cancilleria-sustenta-presupuesto-2019-ante-la-asamblea-nacional","status":"publish","type":"post","link":"https:\/\/sertv.gob.pa\/nacionalfm\/cancilleria-sustenta-presupuesto-2019-ante-la-asamblea-nacional\/","title":{"rendered":"Canciller\u00eda sustenta \u201cPresupuesto 2019\u201d, ante la Asamblea Nacional"},"content":{"rendered":"<p>\nEl Ministerio de Relaciones Exteriores, sustent\u00f3 ante autoridades de la Comisi\u00f3n de Presupuesto de la Asamblea Nacional, el anteproyecto de Presupuesto\u00a0 2019 por el orden de 66 millones desglosados en 64.2 para funcionamiento\u00a0 y 1.8 en inversi\u00f3n, destacando\u00a0 la implementaci\u00f3n del Programa Panam\u00e1 Coopera,\u00a0 el fortalecimiento de la Carrera Diplom\u00e1tica y Consular y la modernizaci\u00f3n institucional. <\/p>\n<p>La Viceministra de Asuntos Multilaterales y Cooperaci\u00f3n, Mar\u00eda Luisa Navarro,\u00a0 present\u00f3 una evaluaci\u00f3n\u00a0 y logros en la ejecuci\u00f3n del Presupuesto 2018,\u00a0 al 31 de agosto de 2018,\u00a0 que alcanza el 80\u00a0 por ciento. En ese tenor, esclareci\u00f3, que la ejecuci\u00f3n del presupuesto responde\u00a0 a los pilares de la pol\u00edtica exterior\u00a0 paname\u00f1a como instrumento de desarrollo inclusivo y sostenible, marco en el que destac\u00f3 la implementaci\u00f3n del Sistema de Monitoreo de la Cooperaci\u00f3n Internacional,\u00a0 con 90 proyectos configurados. <\/p>\n<p>En\u00a0 materia de funcionamiento, inform\u00f3 sobre el cumplimiento\u00a0 de pago de la estructura de personal de la sede y el Servicio Exterior, gastos de alquiler, contingentes, materiales y suministros, materiales y equipo; as\u00ed como de compromisos internacionales\u00a0 como cuotas de membres\u00eda en organismos internacionales y asignaciones globales\u00a0 relacionadas al funcionamiento del Servicio Exterior (embajadas, consulados, misiones y representaciones de Panam\u00e1 en el exterior).\u00a0\u00a0 <\/p>\n<p>\u00a0Al mismo tiempo, resalt\u00f3 la modernizaci\u00f3n\u00a0 de los procesos y sistemas internos de la entidad, as\u00ed como de los servicios que se brindan\u00a0 a la ciudadan\u00eda como la autenticaci\u00f3n de documentos\u00a0 y los consulares y\u00a0 enfatiz\u00f3 en los logros alcanzados en la profesionalizaci\u00f3n institucional mediante la incorporaci\u00f3n, formaci\u00f3n integral y multidisciplinaria de\u00a0 nuevos miembros de la Carrera Diplom\u00e1tica y Consular. <\/p>\n<p>En ese sentido, indic\u00f3, que mediante tres\u00a0 concursos p\u00fablicos en la actualidad,\u00a0 la Carrera Diplom\u00e1tica y Consular, se ha fortalecido con 110 Miembros de los cuales 36 ya se encuentran laborando en el Servicio Exterior. En la\u00a0 cuarta convocatoria 516\u00a0 paname\u00f1os,\u00a0 aplicaron\u00a0 para\u00a0 formar parte\u00a0 de la Carrera Diplom\u00e1tica y Consular, lo cual\u00a0 constituye\u00a0 un\u00a0 hecho sin precedente en la historia de la diplomacia\u00a0 paname\u00f1a.\u00a0 El fortalecimiento y profesionalizaci\u00f3n de la Carrera Diplom\u00e1tica y Consular as\u00ed como la Biblioteca del Acervo Diplom\u00e1tico de la Rep\u00fablica de Panam\u00e1,\u00a0 representan un legado significativo\u00a0 para las presentes y futuras generaciones. <\/p>\n","protected":false},"excerpt":{"rendered":"<p>El Ministerio de Relaciones Exteriores, sustent\u00f3 ante autoridades de la <a href=\"https:\/\/sertv.gob.pa\/nacionalfm\/cancilleria-sustenta-presupuesto-2019-ante-la-asamblea-nacional\/\"> [&#8230;]<\/a><\/p>\n","protected":false},"author":1,"featured_media":30839,"comment_status":"closed","ping_status":"closed","sticky":false,"template":"","format":"standard","meta":{"footnotes":""},"categories":[2],"tags":[],"class_list":["post-30838","post","type-post","status-publish","format-standard","has-post-thumbnail","hentry","category-nacionales"],"_links":{"self":[{"href":"https:\/\/sertv.gob.pa\/nacionalfm\/wp-json\/wp\/v2\/posts\/30838","targetHints":{"allow":["GET"]}}],"collection":[{"href":"https:\/\/sertv.gob.pa\/nacionalfm\/wp-json\/wp\/v2\/posts"}],"about":[{"href":"https:\/\/sertv.gob.pa\/nacionalfm\/wp-json\/wp\/v2\/types\/post"}],"author":[{"embeddable":true,"href":"https:\/\/sertv.gob.pa\/nacionalfm\/wp-json\/wp\/v2\/users\/1"}],"replies":[{"embeddable":true,"href":"https:\/\/sertv.gob.pa\/nacionalfm\/wp-json\/wp\/v2\/comments?post=30838"}],"version-history":[{"count":0,"href":"https:\/\/sertv.gob.pa\/nacionalfm\/wp-json\/wp\/v2\/posts\/30838\/revisions"}],"wp:featuredmedia":[{"embeddable":true,"href":"https:\/\/sertv.gob.pa\/nacionalfm\/wp-json\/wp\/v2\/media\/30839"}],"wp:attachment":[{"href":"https:\/\/sertv.gob.pa\/nacionalfm\/wp-json\/wp\/v2\/media?parent=30838"}],"wp:term":[{"taxonomy":"category","embeddable":true,"href":"https:\/\/sertv.gob.pa\/nacionalfm\/wp-json\/wp\/v2\/categories?post=30838"},{"taxonomy":"post_tag","embeddable":true,"href":"https:\/\/sertv.gob.pa\/nacionalfm\/wp-json\/wp\/v2\/tags?post=30838"}],"curies":[{"name":"wp","href":"https:\/\/api.w.org\/{rel}","templated":true}]}}