{"id":30840,"date":"2018-09-21T16:52:56","date_gmt":"2018-09-21T16:52:56","guid":{"rendered":""},"modified":"2018-09-21T16:52:56","modified_gmt":"2018-09-21T16:52:56","slug":"panama-felicita-a-indonesia-en-su-dia-nacional","status":"publish","type":"post","link":"https:\/\/sertv.gob.pa\/nacionalfm\/panama-felicita-a-indonesia-en-su-dia-nacional\/","title":{"rendered":"Panam\u00e1 felicita a Indonesia en su D\u00eda Nacional"},"content":{"rendered":"<p>\nLa Viceministra encargada de Relaciones Exteriores, Rebeca de Rojas,\u00a0 expres\u00f3 a nombre del Gobierno y Pueblo de la Rep\u00fablica de Panam\u00e1, del Presidente Juan Carlos Varela y de la Vicepresidenta y Ministra de Relaciones Exteriores, Isabel De Saint Malo de Alvarado, el cordial saludo de felicitaci\u00f3n\u00a0 al pueblo de Indonesia\u00a0 en ocasi\u00f3n del 73 aniversario de\u00a0 independencia de ese pa\u00eds asi\u00e1tico. <\/p>\n<p>En la ceremonia organizada por la Embajada de Indonesia, a cargo del embajador\u00a0 Budhy Santoso, la Vicecanciller encargada resalt\u00f3 el papel\u00a0 del gobierno de Indonesia y la labor del Presidente Joko Widodo, que impacta en el devenir pol\u00edtico, econ\u00f3mico y social de esa naci\u00f3n considerada un actor clave en la regi\u00f3n del sudeste asi\u00e1tico y un hist\u00f3rico e\u00a0 importante rol\u00a0 para el comercio mundial, con proyecciones e innovaciones en infraestructura log\u00edstica y portuaria, buenas relaciones pol\u00edticas regionales, conexi\u00f3n cultural y capital humano cualificado,\u00a0 atributos que lo convierten en una plataforma efectiva y competitiva para el mercado asi\u00e1tico. <\/p>\n<p>Igualmente, la Viceministra encargada, destac\u00f3 que\u00a0 Panam\u00e1,\u00a0 considerada la puerta de entrada a la regi\u00f3n Latinoamericana, la gran conexi\u00f3n, por su privilegiada posici\u00f3n geogr\u00e1fica y por el desarrollo en sus capacidades de conexi\u00f3n y log\u00edstica, se posiciona como\u00a0 l\u00edder de Am\u00e9rica Latina, en el sector log\u00edstico, seg\u00fan el informe del Banco Mundial, sinergias que convierten a ambos pa\u00edses en aliados estrat\u00e9gicos para beneficio del comercio mundial. <\/p>\n<p>En el marco multilateral, reconoci\u00f3 el aporte de Indonesia, pa\u00eds pionero en gesti\u00f3n de proyectos ambientales y de gesti\u00f3n de los desastres naturales, especialmente en la creaci\u00f3n de espacios que permitan trabajar por el cambio clim\u00e1tico y la resilencia, por lo que este a\u00f1o, en octubre del 2018, ser\u00e1 la sede de\u00a0 la conferencia Our Oceans, en Bali, del 29 al 30 de octubre.\u00a0 <\/p>\n<p>A nivel bilateral,\u00a0 resalt\u00f3\u00a0 el fortalecimiento de las relaciones diplom\u00e1ticas,\u00a0 que datan de hace m\u00e1s de cuatro d\u00e9cadas, con el lanzamiento de la Pol\u00edtica Halc\u00f3n, estrategia de la pol\u00edtica exterior paname\u00f1a,\u00a0 que busca fortalecer y acercar las relaciones con los pa\u00edses del Sudeste Asi\u00e1tico, \u00c1frica y Medio Oriente, a trav\u00e9s de cinco ejes: pol\u00edtico, comercial, log\u00edstico\/mar\u00edtimo, tur\u00edstico y de cooperaci\u00f3n y la firma del Mecanismo Bilateral de Consultas Pol\u00edticas. <\/p>\n","protected":false},"excerpt":{"rendered":"<p>La Viceministra encargada de Relaciones Exteriores, Rebeca de Rojas,\u00a0 expres\u00f3 <a href=\"https:\/\/sertv.gob.pa\/nacionalfm\/panama-felicita-a-indonesia-en-su-dia-nacional\/\"> [&#8230;]<\/a><\/p>\n","protected":false},"author":1,"featured_media":30841,"comment_status":"closed","ping_status":"closed","sticky":false,"template":"","format":"standard","meta":{"footnotes":""},"categories":[2],"tags":[],"class_list":["post-30840","post","type-post","status-publish","format-standard","has-post-thumbnail","hentry","category-nacionales"],"_links":{"self":[{"href":"https:\/\/sertv.gob.pa\/nacionalfm\/wp-json\/wp\/v2\/posts\/30840","targetHints":{"allow":["GET"]}}],"collection":[{"href":"https:\/\/sertv.gob.pa\/nacionalfm\/wp-json\/wp\/v2\/posts"}],"about":[{"href":"https:\/\/sertv.gob.pa\/nacionalfm\/wp-json\/wp\/v2\/types\/post"}],"author":[{"embeddable":true,"href":"https:\/\/sertv.gob.pa\/nacionalfm\/wp-json\/wp\/v2\/users\/1"}],"replies":[{"embeddable":true,"href":"https:\/\/sertv.gob.pa\/nacionalfm\/wp-json\/wp\/v2\/comments?post=30840"}],"version-history":[{"count":0,"href":"https:\/\/sertv.gob.pa\/nacionalfm\/wp-json\/wp\/v2\/posts\/30840\/revisions"}],"wp:featuredmedia":[{"embeddable":true,"href":"https:\/\/sertv.gob.pa\/nacionalfm\/wp-json\/wp\/v2\/media\/30841"}],"wp:attachment":[{"href":"https:\/\/sertv.gob.pa\/nacionalfm\/wp-json\/wp\/v2\/media?parent=30840"}],"wp:term":[{"taxonomy":"category","embeddable":true,"href":"https:\/\/sertv.gob.pa\/nacionalfm\/wp-json\/wp\/v2\/categories?post=30840"},{"taxonomy":"post_tag","embeddable":true,"href":"https:\/\/sertv.gob.pa\/nacionalfm\/wp-json\/wp\/v2\/tags?post=30840"}],"curies":[{"name":"wp","href":"https:\/\/api.w.org\/{rel}","templated":true}]}}