{"id":30842,"date":"2018-09-21T17:15:51","date_gmt":"2018-09-21T17:15:51","guid":{"rendered":""},"modified":"2018-09-21T17:15:51","modified_gmt":"2018-09-21T17:15:51","slug":"consejo-de-gabinete-aprueba-proyecto-que-fortifica-la-ley-de-rdf-y-el-fap","status":"publish","type":"post","link":"https:\/\/sertv.gob.pa\/nacionalfm\/consejo-de-gabinete-aprueba-proyecto-que-fortifica-la-ley-de-rdf-y-el-fap\/","title":{"rendered":"Consejo de Gabinete aprueba proyecto que fortifica la Ley de RDF y el FAP"},"content":{"rendered":"<p>\nEl Consejo de Gabinete, aprob\u00f3 el proyecto de ley para la modificaci\u00f3n de la Ley 34 de Responsabilidad Social Fiscal y la Ley 38 del Fondo de Ahorro.\u00a0 <\/p>\n<p>Con las modificaciones, resultado de los acercamientos con diferentes sectores de la sociedad, se adecu\u00f3 la propuesta aprobada por el Consejo de Gabinete, se aporta mayor transparencia al simplificar el c\u00e1lculo de la regla de D\u00e9ficit Fiscal. A la par, se mantiene el l\u00edmite al D\u00e9ficit Fiscal de acuerdo al crecimiento del PIB.\u00a0 <\/p>\n<p>Estas modificaciones, tambi\u00e9n garantizan incrementos al patrimonio del Fondo de Ahorro de Panam\u00e1 (FAP), incorporando al mismo sus rendimientos anuales a trav\u00e9s de un c\u00e1lculo realista basado en las contribuciones del Canal de Panam\u00e1.\u00a0 <\/p>\n<p>Cabe resaltar, que la aprobaci\u00f3n, se obtiene despu\u00e9s de la decisi\u00f3n del Ejecutivo, de retirar el proyecto de la Asamblea Nacional, a fin de \u00a0efectuar un amplio proceso de consultas e intercambio de opiniones e ideas entre autoridades del Ministerio de Econom\u00eda y Finanzas y los actores de los sectores gremiales, sociedad civil, medios y pol\u00edticos, que incluyeron al Consejo Nacional de la Empresa Privada (CONEP), la C\u00e1mara de Comercio, Industrias y Agricultura de Panam\u00e1, la Asociaci\u00f3n Paname\u00f1a de Ejecutivos de Empresas (APEDE), el Sindicato de Industriales de Panam\u00e1 (SIP), la C\u00e1mara Paname\u00f1a de la Construcci\u00f3n (CAPAC), los Consejos editoriales de CORPRENSA, Metro Libre, MEDCOM y Televisora Nacional, entre otros. <\/p>\n","protected":false},"excerpt":{"rendered":"<p>El Consejo de Gabinete, aprob\u00f3 el proyecto de ley para <a href=\"https:\/\/sertv.gob.pa\/nacionalfm\/consejo-de-gabinete-aprueba-proyecto-que-fortifica-la-ley-de-rdf-y-el-fap\/\"> [&#8230;]<\/a><\/p>\n","protected":false},"author":1,"featured_media":30843,"comment_status":"closed","ping_status":"closed","sticky":false,"template":"","format":"standard","meta":{"footnotes":""},"categories":[2],"tags":[],"class_list":["post-30842","post","type-post","status-publish","format-standard","has-post-thumbnail","hentry","category-nacionales"],"_links":{"self":[{"href":"https:\/\/sertv.gob.pa\/nacionalfm\/wp-json\/wp\/v2\/posts\/30842","targetHints":{"allow":["GET"]}}],"collection":[{"href":"https:\/\/sertv.gob.pa\/nacionalfm\/wp-json\/wp\/v2\/posts"}],"about":[{"href":"https:\/\/sertv.gob.pa\/nacionalfm\/wp-json\/wp\/v2\/types\/post"}],"author":[{"embeddable":true,"href":"https:\/\/sertv.gob.pa\/nacionalfm\/wp-json\/wp\/v2\/users\/1"}],"replies":[{"embeddable":true,"href":"https:\/\/sertv.gob.pa\/nacionalfm\/wp-json\/wp\/v2\/comments?post=30842"}],"version-history":[{"count":0,"href":"https:\/\/sertv.gob.pa\/nacionalfm\/wp-json\/wp\/v2\/posts\/30842\/revisions"}],"wp:featuredmedia":[{"embeddable":true,"href":"https:\/\/sertv.gob.pa\/nacionalfm\/wp-json\/wp\/v2\/media\/30843"}],"wp:attachment":[{"href":"https:\/\/sertv.gob.pa\/nacionalfm\/wp-json\/wp\/v2\/media?parent=30842"}],"wp:term":[{"taxonomy":"category","embeddable":true,"href":"https:\/\/sertv.gob.pa\/nacionalfm\/wp-json\/wp\/v2\/categories?post=30842"},{"taxonomy":"post_tag","embeddable":true,"href":"https:\/\/sertv.gob.pa\/nacionalfm\/wp-json\/wp\/v2\/tags?post=30842"}],"curies":[{"name":"wp","href":"https:\/\/api.w.org\/{rel}","templated":true}]}}