{"id":30846,"date":"2018-09-21T18:42:31","date_gmt":"2018-09-21T18:42:31","guid":{"rendered":""},"modified":"2018-09-21T18:42:31","modified_gmt":"2018-09-21T18:42:31","slug":"restauran-calles-internas-del-centro-de-cumplimiento-de-menores-infractores","status":"publish","type":"post","link":"https:\/\/sertv.gob.pa\/nacionalfm\/restauran-calles-internas-del-centro-de-cumplimiento-de-menores-infractores\/","title":{"rendered":"Restauran calles internas del Centro de Cumplimiento de Menores Infractores"},"content":{"rendered":"<p>\nCon cincuenta toneladas de asfalto, personal del Ministerio de Obras P\u00fablicas (MOP), inici\u00f3 los trabajos de rehabilitaci\u00f3n de las calles internas del Centro de Cumplimiento de Menores Infractores, en el corregimiento de Las Garzas, acorde a una petici\u00f3n de representantes de la Direcci\u00f3n General del Sistema Penitenciario a trav\u00e9s del Ministerio de Gobierno y Justicia. <\/p>\n<p>Los trabajos que ejecuta personal y equipo de la Direcci\u00f3n de Obras de Panam\u00e1 Centro, radican en la limpieza de las cunetas; adem\u00e1s de la rehabilitaci\u00f3n de todas las calles internas mediante el parcheo profundo o colocaci\u00f3n de carpeta asf\u00e1ltica. <\/p>\n<p>Cabe mencionar, que actualmente, cerca de ciento cincuenta y cinco menores infractores, se hallan en esas instalaciones, en la cual se aplica un modelo de intervenci\u00f3n brind\u00e1ndoles la oportunidad de educarse y capacitarse, con el prop\u00f3sito de facilitarles las ventajas de aprender alguna profesi\u00f3n y tener un proyecto de vida al momento de alcanzar su libertad. <\/p>\n<p>Durante la celebraci\u00f3n en Panam\u00e1 de la Jornada Mundial de la Juventud (JMJ) del 22 al 29 de enero de 2019, con la participaci\u00f3n de su Santidad el Papa Francisco, existe la posibilidad que el Santo Padre, efect\u00fae una visita a ese centro de menores, a fin de dialogar con estos adolescentes y llevarles alentadores mensajes de fe, esperanza, y apoyarlos en los momentos de dudas, permiti\u00e9ndoles ordenar sus pensamientos y actuar con sensatez. En ese contexto, el Vicario de Cristo, que, a trav\u00e9s de su pontificado ha efectuado visitas a diferentes pa\u00edses del orbe, siempre ha hecho un alto especial para visitar los centros penitenciarios para adultos y adolescentes, llevando siempre la palabra de Jes\u00fas. <\/p>\n<p>Este Centro de Cumplimiento de Menores Infractores, cuenta con todas las facilidades, entre las que figuran, cl\u00ednica, capilla, lavander\u00eda, cancha deportiva y talleres, para mantenerlos activos mientras concluya su condena. <\/p>\n<p>\u00a0 <\/p>\n","protected":false},"excerpt":{"rendered":"<p>Con cincuenta toneladas de asfalto, personal del Ministerio de Obras <a href=\"https:\/\/sertv.gob.pa\/nacionalfm\/restauran-calles-internas-del-centro-de-cumplimiento-de-menores-infractores\/\"> [&#8230;]<\/a><\/p>\n","protected":false},"author":1,"featured_media":30847,"comment_status":"closed","ping_status":"closed","sticky":false,"template":"","format":"standard","meta":{"footnotes":""},"categories":[2],"tags":[],"class_list":["post-30846","post","type-post","status-publish","format-standard","has-post-thumbnail","hentry","category-nacionales"],"_links":{"self":[{"href":"https:\/\/sertv.gob.pa\/nacionalfm\/wp-json\/wp\/v2\/posts\/30846","targetHints":{"allow":["GET"]}}],"collection":[{"href":"https:\/\/sertv.gob.pa\/nacionalfm\/wp-json\/wp\/v2\/posts"}],"about":[{"href":"https:\/\/sertv.gob.pa\/nacionalfm\/wp-json\/wp\/v2\/types\/post"}],"author":[{"embeddable":true,"href":"https:\/\/sertv.gob.pa\/nacionalfm\/wp-json\/wp\/v2\/users\/1"}],"replies":[{"embeddable":true,"href":"https:\/\/sertv.gob.pa\/nacionalfm\/wp-json\/wp\/v2\/comments?post=30846"}],"version-history":[{"count":0,"href":"https:\/\/sertv.gob.pa\/nacionalfm\/wp-json\/wp\/v2\/posts\/30846\/revisions"}],"wp:featuredmedia":[{"embeddable":true,"href":"https:\/\/sertv.gob.pa\/nacionalfm\/wp-json\/wp\/v2\/media\/30847"}],"wp:attachment":[{"href":"https:\/\/sertv.gob.pa\/nacionalfm\/wp-json\/wp\/v2\/media?parent=30846"}],"wp:term":[{"taxonomy":"category","embeddable":true,"href":"https:\/\/sertv.gob.pa\/nacionalfm\/wp-json\/wp\/v2\/categories?post=30846"},{"taxonomy":"post_tag","embeddable":true,"href":"https:\/\/sertv.gob.pa\/nacionalfm\/wp-json\/wp\/v2\/tags?post=30846"}],"curies":[{"name":"wp","href":"https:\/\/api.w.org\/{rel}","templated":true}]}}