{"id":30856,"date":"2018-09-21T20:32:54","date_gmt":"2018-09-21T20:32:54","guid":{"rendered":""},"modified":"2018-09-21T20:32:54","modified_gmt":"2018-09-21T20:32:54","slug":"potabilizadora-de-chilibre-reducira-produccion-de-agua-desde-este-viernes","status":"publish","type":"post","link":"https:\/\/sertv.gob.pa\/nacionalfm\/potabilizadora-de-chilibre-reducira-produccion-de-agua-desde-este-viernes\/","title":{"rendered":"Potabilizadora de Chilibre reducir\u00e1 producci\u00f3n de agua desde este viernes"},"content":{"rendered":"<p>\nEl Instituto de Acueductos y Alcantarillados Nacionales (IDAAN)\u00a0 informa que la planta potabilizadora Federico Guardia Conte en Chilibre disminuir\u00e1 su producci\u00f3n de agua potable en un 50% \u00a0para la instalaci\u00f3n de cables de alimentaci\u00f3n de tres (3) motores de la estaci\u00f3n de bombeo de agua tratada. Los trabajos incluyen remoci\u00f3n del cableado existente y confecci\u00f3n de empalmes y terminaciones a\u00e9reas. <\/p>\n<p>Los trabajos han sido programados desde las 10:00 p.m. de este viernes 21 de septiembre, hasta las 10:00 a.m. del s\u00e1bado 22 de septiembre. <\/p>\n<p>Producto de la disminuci\u00f3n en la producci\u00f3n a un 50% de la planta potabilizadora Federico Guardia Conte en Chilibre \u00a0se registrar\u00e1 falta del suministro de agua potable en los puntos altos de la ciudad como: Bethania, Villa de La Fuente 1 y 2, El Dorado,\u00a0 Hato Pintado, Altos de Panam\u00e1, Santa Mar\u00eda, Dos Mares, Carrasquilla, Limajo, Plaza Edison, Altos de Miraflores y San Francisco. Tambi\u00e9n, se ver\u00e1 afectado con falta de agua potable el distrito de San Miguelito y todos los sectores \u00a0alejados de la red que comprenden Panam\u00e1 Este desde Pedregal hasta la Siesta de Tocumen y Buena Vista en la provincia de Col\u00f3n. Entre tanto, los puntos bajos de la ciudad capital podr\u00edan registrar baja presi\u00f3n. <\/p>\n<p>Estos trabajos forman parte de las adecuaciones que viene realizando el IDAAN en la planta potabilizadora Federico Guardia Conte en Chilibre \u00a0para la instalaci\u00f3n de cuatro (4) nuevas bombas en el plan de modernizaci\u00f3n de la instituci\u00f3n y que representar\u00e1n una mejora significativa en la producci\u00f3n de agua potable en la planta potabilizadora m\u00e1s grande del pa\u00eds. <\/p>\n","protected":false},"excerpt":{"rendered":"<p>El Instituto de Acueductos y Alcantarillados Nacionales (IDAAN)\u00a0 informa que <a href=\"https:\/\/sertv.gob.pa\/nacionalfm\/potabilizadora-de-chilibre-reducira-produccion-de-agua-desde-este-viernes\/\"> [&#8230;]<\/a><\/p>\n","protected":false},"author":1,"featured_media":30857,"comment_status":"closed","ping_status":"closed","sticky":false,"template":"","format":"standard","meta":{"footnotes":""},"categories":[2],"tags":[],"class_list":["post-30856","post","type-post","status-publish","format-standard","has-post-thumbnail","hentry","category-nacionales"],"_links":{"self":[{"href":"https:\/\/sertv.gob.pa\/nacionalfm\/wp-json\/wp\/v2\/posts\/30856","targetHints":{"allow":["GET"]}}],"collection":[{"href":"https:\/\/sertv.gob.pa\/nacionalfm\/wp-json\/wp\/v2\/posts"}],"about":[{"href":"https:\/\/sertv.gob.pa\/nacionalfm\/wp-json\/wp\/v2\/types\/post"}],"author":[{"embeddable":true,"href":"https:\/\/sertv.gob.pa\/nacionalfm\/wp-json\/wp\/v2\/users\/1"}],"replies":[{"embeddable":true,"href":"https:\/\/sertv.gob.pa\/nacionalfm\/wp-json\/wp\/v2\/comments?post=30856"}],"version-history":[{"count":0,"href":"https:\/\/sertv.gob.pa\/nacionalfm\/wp-json\/wp\/v2\/posts\/30856\/revisions"}],"wp:featuredmedia":[{"embeddable":true,"href":"https:\/\/sertv.gob.pa\/nacionalfm\/wp-json\/wp\/v2\/media\/30857"}],"wp:attachment":[{"href":"https:\/\/sertv.gob.pa\/nacionalfm\/wp-json\/wp\/v2\/media?parent=30856"}],"wp:term":[{"taxonomy":"category","embeddable":true,"href":"https:\/\/sertv.gob.pa\/nacionalfm\/wp-json\/wp\/v2\/categories?post=30856"},{"taxonomy":"post_tag","embeddable":true,"href":"https:\/\/sertv.gob.pa\/nacionalfm\/wp-json\/wp\/v2\/tags?post=30856"}],"curies":[{"name":"wp","href":"https:\/\/api.w.org\/{rel}","templated":true}]}}