{"id":30862,"date":"2018-09-24T13:39:20","date_gmt":"2018-09-24T13:39:20","guid":{"rendered":""},"modified":"2018-09-24T13:39:20","modified_gmt":"2018-09-24T13:39:20","slug":"gabinete-declaro-de-interes-publico-iv-puente-sobre-el-canal","status":"publish","type":"post","link":"https:\/\/sertv.gob.pa\/nacionalfm\/gabinete-declaro-de-interes-publico-iv-puente-sobre-el-canal\/","title":{"rendered":"Gabinete declar\u00f3 de \u201cinter\u00e9s p\u00fablico\u201d IV puente sobre el Canal"},"content":{"rendered":"<p>\nEl Consejo de Gabinete dio pasos firmes para la construcci\u00f3n del cuarto puente sobre el Canal, al aprobar recientemente, la resoluci\u00f3n No.109-18 que declara de &ldquo;inter\u00e9s p\u00fablico&rdquo; el proyecto, sus obras de infraestructuras, equipamientos e instalaciones, as\u00ed como su operaci\u00f3n, mantenimiento y explotaci\u00f3n. <\/p>\n<p>En ese sentido, el viceministro de Obras P\u00fablicas, Erich Vel\u00e1squez, indic\u00f3, que la declaraci\u00f3n de inter\u00e9s p\u00fablico del proyecto, permite que a futuro se pueda concesionar y que toda la operaci\u00f3n se lleve a trav\u00e9s de la Empresa Nacional de Autopistas (ENA), a fin de no impactar el presupuesto de la entidad para los pr\u00f3ximos 5 a\u00f1os. <\/p>\n<p>&ldquo;Si esto no se hace, el MOP tendr\u00eda que asumir el costo de la obra afectando al resto de la poblaci\u00f3n, ya que no se contar\u00eda con los recursos para cubrir las necesidades que se tienen en todo el pa\u00eds&rdquo;, opin\u00f3. <\/p>\n<p>Por su parte, V\u00edctor Rodr\u00edguez, director de Financiamiento P\u00fablico del Ministerio de Econom\u00eda y Finanzas (MEF), especific\u00f3, que el Gabinete, tambi\u00e9n aval\u00f3 instruir a ENA, adelantar las gestiones financieras para el cuarto puente sobre el Canal. <\/p>\n<p>Esclareci\u00f3, que se aval\u00f3 una estructura de financiamiento, donde a trav\u00e9s de ENA, se aportar\u00e1 un monto de hasta 300 millones de d\u00f3lares, se gestionar\u00e1 una estructuraci\u00f3n para un financiamiento adicional de hasta 600 millones de d\u00f3lares y un monto estimado del Estado a trav\u00e9s del presupuesto general de 600 millones de d\u00f3lares, todo a lo largo de la ejecuci\u00f3n de la obra. <\/p>\n<p>Mientras tanto, la gerente general de ENA, Roxana C\u00e1rdenas, revel\u00f3, que tras la modificaci\u00f3n de la norma en el a\u00f1o 2016, actualmente la entidad es el ente que participa en concesiones en las que el Estado es socio en todo lo referente a estructura de peajes. <\/p>\n<p>&ldquo;Estamos acompa\u00f1ando al MEF y al MOP en busca de las aprobaciones iniciales mediante las cuales nosotros estaremos viendo refinanciamiento de algunas de las estructuras para el cuarto puente sobre el Canal&rdquo;, indic\u00f3. <\/p>\n<p>C\u00e1rdenas, expuso, que la medida no contempla aumento de las tarifas. <\/p>\n<p>\u00a0 <\/p>\n","protected":false},"excerpt":{"rendered":"<p>El Consejo de Gabinete dio pasos firmes para la construcci\u00f3n <a href=\"https:\/\/sertv.gob.pa\/nacionalfm\/gabinete-declaro-de-interes-publico-iv-puente-sobre-el-canal\/\"> [&#8230;]<\/a><\/p>\n","protected":false},"author":1,"featured_media":30863,"comment_status":"closed","ping_status":"closed","sticky":false,"template":"","format":"standard","meta":{"footnotes":""},"categories":[2],"tags":[],"class_list":["post-30862","post","type-post","status-publish","format-standard","has-post-thumbnail","hentry","category-nacionales"],"_links":{"self":[{"href":"https:\/\/sertv.gob.pa\/nacionalfm\/wp-json\/wp\/v2\/posts\/30862","targetHints":{"allow":["GET"]}}],"collection":[{"href":"https:\/\/sertv.gob.pa\/nacionalfm\/wp-json\/wp\/v2\/posts"}],"about":[{"href":"https:\/\/sertv.gob.pa\/nacionalfm\/wp-json\/wp\/v2\/types\/post"}],"author":[{"embeddable":true,"href":"https:\/\/sertv.gob.pa\/nacionalfm\/wp-json\/wp\/v2\/users\/1"}],"replies":[{"embeddable":true,"href":"https:\/\/sertv.gob.pa\/nacionalfm\/wp-json\/wp\/v2\/comments?post=30862"}],"version-history":[{"count":0,"href":"https:\/\/sertv.gob.pa\/nacionalfm\/wp-json\/wp\/v2\/posts\/30862\/revisions"}],"wp:featuredmedia":[{"embeddable":true,"href":"https:\/\/sertv.gob.pa\/nacionalfm\/wp-json\/wp\/v2\/media\/30863"}],"wp:attachment":[{"href":"https:\/\/sertv.gob.pa\/nacionalfm\/wp-json\/wp\/v2\/media?parent=30862"}],"wp:term":[{"taxonomy":"category","embeddable":true,"href":"https:\/\/sertv.gob.pa\/nacionalfm\/wp-json\/wp\/v2\/categories?post=30862"},{"taxonomy":"post_tag","embeddable":true,"href":"https:\/\/sertv.gob.pa\/nacionalfm\/wp-json\/wp\/v2\/tags?post=30862"}],"curies":[{"name":"wp","href":"https:\/\/api.w.org\/{rel}","templated":true}]}}