{"id":30864,"date":"2018-09-24T14:01:03","date_gmt":"2018-09-24T14:01:03","guid":{"rendered":""},"modified":"2018-09-24T14:01:03","modified_gmt":"2018-09-24T14:01:03","slug":"ninos-panamenos-viajan-a-colombia-para-ser-operados-del-corazon","status":"publish","type":"post","link":"https:\/\/sertv.gob.pa\/nacionalfm\/ninos-panamenos-viajan-a-colombia-para-ser-operados-del-corazon\/","title":{"rendered":"Ni\u00f1os paname\u00f1os viajan a Colombia para ser operados del coraz\u00f3n"},"content":{"rendered":"<p>\nEl presidente de la Rep\u00fablica de Panam\u00e1, Juan Carlos Varela, despidi\u00f3 el viernes, 21 de septiembre, \u00a0a cinco ni\u00f1os que viajaron a Colombia, junto a sus padres, a fin de ser operados del coraz\u00f3n. <\/p>\n<p>&ldquo;He dado instrucciones al director encargado de la CSS, en el sentido que se usen todos los recursos del Estado, de la Presidencia y lo que se necesite para atender estos casos&rdquo;, revel\u00f3 el Mandatario. <\/p>\n<p>La cooperaci\u00f3n entre la Fundaci\u00f3n Cardioinfantil de Bogot\u00e1, la Caja de Seguro Social (CSS) y el Gobierno del presiente Varela, permitir\u00e1 el env\u00edo de pacientes cada 20 d\u00edas para ser intervenidos. <\/p>\n<p>En esta ocasi\u00f3n, los ni\u00f1os que viajaron a Colombia en el avi\u00f3n presidencial fueron: Shelsie Arosemena, Jos\u00e9 Concepci\u00f3n, Jos\u00e9 Ja\u00e9n, Eyra Mendoza y Diego Urriola, quienes iban acompa\u00f1ados por sus padres. <\/p>\n<p>En lo relativo al programa  Cero Mora Quir\u00fargica , Varela, sustent\u00f3, que su administraci\u00f3n ha continuado las operaciones, esto a pesar de la situaci\u00f3n ocurrida en la Caja de Seguro Social. <\/p>\n<p>&ldquo;Hemos continuado con mucha fuerza el Programa Cero Mora y esperamos avanzar.\u00a0 Ya se iniciaron los cateterismos y cirug\u00eda cardiovascular&rdquo;, pronunci\u00f3. <\/p>\n<p>\u00a0 <\/p>\n","protected":false},"excerpt":{"rendered":"<p>El presidente de la Rep\u00fablica de Panam\u00e1, Juan Carlos Varela, <a href=\"https:\/\/sertv.gob.pa\/nacionalfm\/ninos-panamenos-viajan-a-colombia-para-ser-operados-del-corazon\/\"> [&#8230;]<\/a><\/p>\n","protected":false},"author":1,"featured_media":30865,"comment_status":"closed","ping_status":"closed","sticky":false,"template":"","format":"standard","meta":{"footnotes":""},"categories":[2],"tags":[],"class_list":["post-30864","post","type-post","status-publish","format-standard","has-post-thumbnail","hentry","category-nacionales"],"_links":{"self":[{"href":"https:\/\/sertv.gob.pa\/nacionalfm\/wp-json\/wp\/v2\/posts\/30864","targetHints":{"allow":["GET"]}}],"collection":[{"href":"https:\/\/sertv.gob.pa\/nacionalfm\/wp-json\/wp\/v2\/posts"}],"about":[{"href":"https:\/\/sertv.gob.pa\/nacionalfm\/wp-json\/wp\/v2\/types\/post"}],"author":[{"embeddable":true,"href":"https:\/\/sertv.gob.pa\/nacionalfm\/wp-json\/wp\/v2\/users\/1"}],"replies":[{"embeddable":true,"href":"https:\/\/sertv.gob.pa\/nacionalfm\/wp-json\/wp\/v2\/comments?post=30864"}],"version-history":[{"count":0,"href":"https:\/\/sertv.gob.pa\/nacionalfm\/wp-json\/wp\/v2\/posts\/30864\/revisions"}],"wp:featuredmedia":[{"embeddable":true,"href":"https:\/\/sertv.gob.pa\/nacionalfm\/wp-json\/wp\/v2\/media\/30865"}],"wp:attachment":[{"href":"https:\/\/sertv.gob.pa\/nacionalfm\/wp-json\/wp\/v2\/media?parent=30864"}],"wp:term":[{"taxonomy":"category","embeddable":true,"href":"https:\/\/sertv.gob.pa\/nacionalfm\/wp-json\/wp\/v2\/categories?post=30864"},{"taxonomy":"post_tag","embeddable":true,"href":"https:\/\/sertv.gob.pa\/nacionalfm\/wp-json\/wp\/v2\/tags?post=30864"}],"curies":[{"name":"wp","href":"https:\/\/api.w.org\/{rel}","templated":true}]}}