{"id":30866,"date":"2018-09-24T14:21:59","date_gmt":"2018-09-24T14:21:59","guid":{"rendered":""},"modified":"2018-09-24T14:21:59","modified_gmt":"2018-09-24T14:21:59","slug":"fijan-decreto-para-peregrinos-de-la-jmj-de-paises-sin-consulado-de-panama","status":"publish","type":"post","link":"https:\/\/sertv.gob.pa\/nacionalfm\/fijan-decreto-para-peregrinos-de-la-jmj-de-paises-sin-consulado-de-panama\/","title":{"rendered":"Fijan decreto para peregrinos de la JMJ de pa\u00edses sin consulado de Panam\u00e1"},"content":{"rendered":"<p>\nEl presidente de la Rep\u00fablica, Juan Carlos Varela, estableci\u00f3 mediante Decreto Ejecutivo el procedimiento de solicitud de visa para ingresar al pa\u00eds para aquellos inscritos en la Jornada Mundial de la Juventud Panam\u00e1 2019, que en su pa\u00eds no haya presencia consular paname\u00f1a. <\/p>\n<p>El decreto establece, que el peregrino inscrito en el evento, que se celebrar\u00e1 del 22 al 27 de enero de 2019 con la presencia del papa Francisco, deber\u00e1 solicitar su visa de ingreso a la Rep\u00fablica de Panam\u00e1 a trav\u00e9s del formulario para JMJ 2019 en la p\u00e1gina web del Servicio Nacional de Migraci\u00f3n. <\/p>\n<p>A este documento, el interesado deber\u00e1 adjuntar el formulario de Visa de Turista, el pasaporte\u00a0 escaneado, con m\u00ednimo tres meses de vigencia; el recibo de pago de inscripci\u00f3n en la JMJ del grupo al que pertenece el solicitante.\u00a0 <\/p>\n<p>Asimismo, tendr\u00e1 que anexar el certificado para la solicitud de visado, validado por el Coordinador General de la JMJ, quien confirma que el solicitante pertenece al grupo pagante especificado y la confirmaci\u00f3n del Obispo diocesano o su delegado.\u00a0 <\/p>\n<p>Tambi\u00e9n es obligatorio acompa\u00f1ar la reservaci\u00f3n a\u00e9rea comprobada con itinerario de regreso a su pa\u00eds de origen o destino. <\/p>\n<p>La norma dispone que una vez el Servicio Nacional de Migraci\u00f3n reciba la solicitud, la remitir\u00e1 al Consejo de Seguridad Nacional para su tr\u00e1mite correspondiente. <\/p>\n<p>Una vez haya sido aprobada la solicitud de ingreso a la Rep\u00fablica de Panam\u00e1 para participar en el JMJ 2019, el Servicio Nacional de Migraci\u00f3n le enviar\u00e1 un correo electr\u00f3nico al Obispo diocesano, Conferencia Episcopal, Delegado o l\u00edder de grupo, seg\u00fan sea el caso, con la respectiva autorizaci\u00f3n, la cual contar\u00e1 con un n\u00famero de referencia para cada solicitante. <\/p>\n<p>El Decreto Ejecutivo rige desde su promulgaci\u00f3n en Gaceta oficial y tendr\u00e1 vigencia hasta finalizar la Jornada Mundial de la Juventud. <\/p>\n<p>El pasado 12 de febrero, Panam\u00e1 puso en marcha el proceso de inscripci\u00f3n por internet para participar en la JMJ. A la fecha se han inscrito 207 mil peregrinos de distintas partes del mundo. <\/p>\n","protected":false},"excerpt":{"rendered":"<p>El presidente de la Rep\u00fablica, Juan Carlos Varela, estableci\u00f3 mediante <a href=\"https:\/\/sertv.gob.pa\/nacionalfm\/fijan-decreto-para-peregrinos-de-la-jmj-de-paises-sin-consulado-de-panama\/\"> [&#8230;]<\/a><\/p>\n","protected":false},"author":1,"featured_media":30867,"comment_status":"closed","ping_status":"closed","sticky":false,"template":"","format":"standard","meta":{"footnotes":""},"categories":[2],"tags":[],"class_list":["post-30866","post","type-post","status-publish","format-standard","has-post-thumbnail","hentry","category-nacionales"],"_links":{"self":[{"href":"https:\/\/sertv.gob.pa\/nacionalfm\/wp-json\/wp\/v2\/posts\/30866","targetHints":{"allow":["GET"]}}],"collection":[{"href":"https:\/\/sertv.gob.pa\/nacionalfm\/wp-json\/wp\/v2\/posts"}],"about":[{"href":"https:\/\/sertv.gob.pa\/nacionalfm\/wp-json\/wp\/v2\/types\/post"}],"author":[{"embeddable":true,"href":"https:\/\/sertv.gob.pa\/nacionalfm\/wp-json\/wp\/v2\/users\/1"}],"replies":[{"embeddable":true,"href":"https:\/\/sertv.gob.pa\/nacionalfm\/wp-json\/wp\/v2\/comments?post=30866"}],"version-history":[{"count":0,"href":"https:\/\/sertv.gob.pa\/nacionalfm\/wp-json\/wp\/v2\/posts\/30866\/revisions"}],"wp:featuredmedia":[{"embeddable":true,"href":"https:\/\/sertv.gob.pa\/nacionalfm\/wp-json\/wp\/v2\/media\/30867"}],"wp:attachment":[{"href":"https:\/\/sertv.gob.pa\/nacionalfm\/wp-json\/wp\/v2\/media?parent=30866"}],"wp:term":[{"taxonomy":"category","embeddable":true,"href":"https:\/\/sertv.gob.pa\/nacionalfm\/wp-json\/wp\/v2\/categories?post=30866"},{"taxonomy":"post_tag","embeddable":true,"href":"https:\/\/sertv.gob.pa\/nacionalfm\/wp-json\/wp\/v2\/tags?post=30866"}],"curies":[{"name":"wp","href":"https:\/\/api.w.org\/{rel}","templated":true}]}}