{"id":30868,"date":"2018-09-24T14:49:57","date_gmt":"2018-09-24T14:49:57","guid":{"rendered":""},"modified":"2018-09-24T14:49:57","modified_gmt":"2018-09-24T14:49:57","slug":"embajadores-de-israel-japon-qatar-y-canada-muestran-cartas-credenciales","status":"publish","type":"post","link":"https:\/\/sertv.gob.pa\/nacionalfm\/embajadores-de-israel-japon-qatar-y-canada-muestran-cartas-credenciales\/","title":{"rendered":"Embajadores de Israel, Jap\u00f3n, Qatar y Canad\u00e1 muestran Cartas Credenciales"},"content":{"rendered":"<p>\nEl Presidente de la Rep\u00fablica, Juan Carlos Varela, acompa\u00f1ado de la Vicepresidenta y Canciller Isabel De Saint Malo de Alvarado, recibi\u00f3 en fecha reciente, a los embajadores de Israel, Jap\u00f3n, Qatar y Canad\u00e1, quienes le presentaron las Cartas Credenciales que los acreditan como los representantes diplom\u00e1ticos de sus pa\u00edses ante Panam\u00e1. <\/p>\n<p>Durante las audiencias sostenidas con los Embajadores, las autoridades paname\u00f1as, reiteraron la importancia que tienen cada uno de sus pa\u00edses para la pol\u00edtica exterior paname\u00f1a,\u00a0 lo cual se ha evidenciado en los encuentros bilaterales sostenidos por el Presidente Varela con las m\u00e1ximas autoridades de Israel, Jap\u00f3n, Qatar y Canad\u00e1. \u00a0 <\/p>\n<p>En materia multilateral, las Altas Autoridades concordaron en que los di\u00e1logos, el consenso y las negociaciones son las v\u00edas id\u00f3neas para afrontar los desaf\u00edos que enfrentan las regiones de Asia, Medio Oriente y Am\u00e9rica en materia de seguridad, estabilidad y riesgo a la paz. <\/p>\n<p>A nivel bilateral, el Presidente Varela y la Vicepresidenta, expresaron su inter\u00e9s en que compa\u00f1\u00edas de estos pa\u00edses, se sumen en las obras de infraestructuras que promueve esta Administraci\u00f3n, destacando las L\u00edneas 2 y 3 del Metro de Panam\u00e1.\u00a0 Plantearon tambi\u00e9n, la importancia de concretar alianzas en materia de cooperaci\u00f3n que robustezcan la seguridad de la regi\u00f3n frente a acontecimientos concernientes con el terrorismo y el crimen transnacional. Adem\u00e1s de convenios que contribuyan al desarrollo sostenible del pa\u00eds en \u00e1reas como el agro.\u00a0 <\/p>\n<p>Del mismo modo, ponderaron las ventajas que brinda el istmo gracias a su conectividad a\u00e9rea, sus plataformas financiera, log\u00edstica y de servicios y el Canal Ampliado, citando como ejemplo las nuevas oportunidades de negocios que se generan con\u00a0 el transporte del Gas Natural Licuado tanto para Panam\u00e1 como para el comercio internacional.\u00a0 <\/p>\n<p>El Presidente y la Vicepresidenta compartieron con los embajadores los progresos en la organizaci\u00f3n de la Jornada Mundial de la Juventud, que se celebrar\u00e1 en enero de 2019 en Panam\u00e1, con temas como las gestiones que se adelantan para facilitar los flujos migratorios durante la cita, el transporte, la salud y la seguridad de los peregrinos. A la par, extendieron una cordial invitaci\u00f3n para la participaci\u00f3n de sus ciudadanos en este magno evento.<br \/>\nLa ceremonia protocolar de entrega de Cartas Credenciales tuvo lugar en el Sal\u00f3n Amarillo de la Presidencia de la Rep\u00fablica. <\/p>\n","protected":false},"excerpt":{"rendered":"<p>El Presidente de la Rep\u00fablica, Juan Carlos Varela, acompa\u00f1ado de <a href=\"https:\/\/sertv.gob.pa\/nacionalfm\/embajadores-de-israel-japon-qatar-y-canada-muestran-cartas-credenciales\/\"> [&#8230;]<\/a><\/p>\n","protected":false},"author":1,"featured_media":30869,"comment_status":"closed","ping_status":"closed","sticky":false,"template":"","format":"standard","meta":{"footnotes":""},"categories":[2],"tags":[],"class_list":["post-30868","post","type-post","status-publish","format-standard","has-post-thumbnail","hentry","category-nacionales"],"_links":{"self":[{"href":"https:\/\/sertv.gob.pa\/nacionalfm\/wp-json\/wp\/v2\/posts\/30868","targetHints":{"allow":["GET"]}}],"collection":[{"href":"https:\/\/sertv.gob.pa\/nacionalfm\/wp-json\/wp\/v2\/posts"}],"about":[{"href":"https:\/\/sertv.gob.pa\/nacionalfm\/wp-json\/wp\/v2\/types\/post"}],"author":[{"embeddable":true,"href":"https:\/\/sertv.gob.pa\/nacionalfm\/wp-json\/wp\/v2\/users\/1"}],"replies":[{"embeddable":true,"href":"https:\/\/sertv.gob.pa\/nacionalfm\/wp-json\/wp\/v2\/comments?post=30868"}],"version-history":[{"count":0,"href":"https:\/\/sertv.gob.pa\/nacionalfm\/wp-json\/wp\/v2\/posts\/30868\/revisions"}],"wp:featuredmedia":[{"embeddable":true,"href":"https:\/\/sertv.gob.pa\/nacionalfm\/wp-json\/wp\/v2\/media\/30869"}],"wp:attachment":[{"href":"https:\/\/sertv.gob.pa\/nacionalfm\/wp-json\/wp\/v2\/media?parent=30868"}],"wp:term":[{"taxonomy":"category","embeddable":true,"href":"https:\/\/sertv.gob.pa\/nacionalfm\/wp-json\/wp\/v2\/categories?post=30868"},{"taxonomy":"post_tag","embeddable":true,"href":"https:\/\/sertv.gob.pa\/nacionalfm\/wp-json\/wp\/v2\/tags?post=30868"}],"curies":[{"name":"wp","href":"https:\/\/api.w.org\/{rel}","templated":true}]}}