{"id":30870,"date":"2018-09-24T15:28:54","date_gmt":"2018-09-24T15:28:54","guid":{"rendered":""},"modified":"2018-09-24T15:28:54","modified_gmt":"2018-09-24T15:28:54","slug":"presidente-varela-participara-en-la-73-sesion-de-la-onu-en-nueva-york","status":"publish","type":"post","link":"https:\/\/sertv.gob.pa\/nacionalfm\/presidente-varela-participara-en-la-73-sesion-de-la-onu-en-nueva-york\/","title":{"rendered":"Presidente Varela participar\u00e1 en la 73\u00aa. Sesi\u00f3n de la ONU, en Nueva York"},"content":{"rendered":"<p>\nEl Presidente de la Rep\u00fablica de Panam\u00e1, Juan Carlos Varela, acompa\u00f1ado de la Primera Dama de la Rep\u00fablica, Lorena Castillo de Varela, y la delegaci\u00f3n paname\u00f1a conformada por la Vicepresidenta y Canciller, Isabel de Saint Malo de Alvarado; el Ministro de Salud, Miguel Mayo y la Viceministra de Desarrollo Social, Michelle Muschett, viajaron el s\u00e1bado, 22 de septiembre, en misi\u00f3n oficial a Nueva York, Estados Unidos, a fin de participar en la 73\u00aa sesi\u00f3n de la Asamblea General de ONU. <\/p>\n<p>Este a\u00f1o la Asamblea General de la ONU que tiene como tema: &ldquo;Conseguir que las Naciones Unidas sean pertinentes para todos, liderazgo mundial y responsabilidades compartidas para lograr sociedades pac\u00edficas, equitativas y sostenibles\u00bb, iniciar\u00e1 sesiones el martes, 25 de septiembre.\u00a0 <\/p>\n<p>El turno de intervenci\u00f3n de Panam\u00e1, se dar\u00e1 al inicio de la sesi\u00f3n del mi\u00e9rcoles, 26 de septiembre, donde el presidente Varela, brindar\u00e1 su discurso ante sus hom\u00f3logos. <\/p>\n<p>Dentro del marco de esta Asamblea General, el mandatario paname\u00f1o, acompa\u00f1ado por la Vicepresidente y Canciller Isabel De Saint Malo de Alvarado y el Embajador de Panam\u00e1 ante la ONU, Melit\u00f3n Arrocha, participar\u00e1 de diversos eventos de alto nivel, orientado en temas de seguridad, migraci\u00f3n, desastres naturales, control de drogas, juventud, salud, econom\u00eda y comercio. <\/p>\n<p>Al mismo tiempo, mantendr\u00e1 encuentros bilaterales con el Secretario General de las Naciones Unidas, Ant\u00f3nio Guterres, con sus hom\u00f3logos de Jap\u00f3n, Cuba, Paraguay, Croacia y se reunir\u00e1 con el Arzobispo Richard Gallagher, Secretario de Relaciones de los Estados de la Santa Sede y el Cardenal de la Arquidi\u00f3cesis de Nueva York, Timothy M. Dolan, para conversar sobre la Jornada Mundial de la Juventud, que se celebrar\u00e1 en Panam\u00e1, en enero del 2019. <\/p>\n<p>Mientras tanto, \u00a0la primera Dama de la Rep\u00fablica de Panam\u00e1, Lorena Castillo de Varela, sostendr\u00e1 encuentros con sus hom\u00f3logas de Ecuador, Colombia, Canad\u00e1, Paraguay, y acudir\u00e1 en diferentes eventos encauzados en garantizar el pleno ejercicio de los derechos de los ni\u00f1os, ni\u00f1as y adolescentes, la eliminaci\u00f3n del trabajo infantil, el empoderamiento de la mujer y la promoci\u00f3n de los derechos humanos a trav\u00e9s del movimiento Cero Discriminaci\u00f3n. <\/p>\n<p>Este a\u00f1o, Panam\u00e1, ser\u00e1 anfitri\u00f3n del evento paralelo &ldquo;Usos del \u00cdndice de Pobreza Multidimensional como gu\u00eda para la creaci\u00f3n de pol\u00edticas innovadoras para erradicar la pobreza en todas sus dimensiones&rdquo;. El evento, ser\u00e1 presidido por el presidente Varela y contar\u00e1 con la participaci\u00f3n de representantes al m\u00e1s alto nivel de las distintas delegaciones. <\/p>\n<p>Adicionalmente, el presidente Varela, concurrir\u00e1 a la reuni\u00f3n ofrecida en su honor por el Consejo de las Am\u00e9ricas y participar\u00e1 en el Foro de L\u00edderes Empresariales del Consejo Empresarial para el Entendimiento Internacional (BCIU). <\/p>\n<p>Posteriormente, el d\u00eda jueves 27, el presidente Varela, asistir\u00e1 junto al Ministro de Salud, Miguel Mayo, de la Reuni\u00f3n de Alto Nivel sobre la Prevenci\u00f3n y el Control de las Enfermedades no Transmisibles y en horas de la tarde, se trasladar\u00e1 a Cambridge, Massachusetts, en donde fue invitado por la Prestigiosa Universidad Harvard a dictar la conferencia magistral &ldquo;El caso Panam\u00e1: la Transformaci\u00f3n de la Vida P\u00fablica y la Pol\u00edtica&rdquo;. Asimismo, en la Universidad Harvard, acudir\u00e1 a un conversatorio en el David Rockerfeller Center for Latin American Studies y se reunir\u00e1 con Larry Bacow, Presidente de esta universidad. <\/p>\n<p>La agenda de trabajo del Jefe del Ejecutivo paname\u00f1o en Nueva York, concluye con reuniones que sostendr\u00e1 con los representantes de las Agencias Calificadoras de Riesgo y de los Bancos Corresponsales. <\/p>\n<p>El Presidente de la Rep\u00fablica, estar\u00e1 de vuelta en el pa\u00eds, el pr\u00f3ximo domingo, 30 de septiembre. <\/p>\n<p>\u00a0 <\/p>\n","protected":false},"excerpt":{"rendered":"<p>El Presidente de la Rep\u00fablica de Panam\u00e1, Juan Carlos Varela, <a href=\"https:\/\/sertv.gob.pa\/nacionalfm\/presidente-varela-participara-en-la-73-sesion-de-la-onu-en-nueva-york\/\"> [&#8230;]<\/a><\/p>\n","protected":false},"author":1,"featured_media":30871,"comment_status":"closed","ping_status":"closed","sticky":false,"template":"","format":"standard","meta":{"footnotes":""},"categories":[2],"tags":[],"class_list":["post-30870","post","type-post","status-publish","format-standard","has-post-thumbnail","hentry","category-nacionales"],"_links":{"self":[{"href":"https:\/\/sertv.gob.pa\/nacionalfm\/wp-json\/wp\/v2\/posts\/30870","targetHints":{"allow":["GET"]}}],"collection":[{"href":"https:\/\/sertv.gob.pa\/nacionalfm\/wp-json\/wp\/v2\/posts"}],"about":[{"href":"https:\/\/sertv.gob.pa\/nacionalfm\/wp-json\/wp\/v2\/types\/post"}],"author":[{"embeddable":true,"href":"https:\/\/sertv.gob.pa\/nacionalfm\/wp-json\/wp\/v2\/users\/1"}],"replies":[{"embeddable":true,"href":"https:\/\/sertv.gob.pa\/nacionalfm\/wp-json\/wp\/v2\/comments?post=30870"}],"version-history":[{"count":0,"href":"https:\/\/sertv.gob.pa\/nacionalfm\/wp-json\/wp\/v2\/posts\/30870\/revisions"}],"wp:featuredmedia":[{"embeddable":true,"href":"https:\/\/sertv.gob.pa\/nacionalfm\/wp-json\/wp\/v2\/media\/30871"}],"wp:attachment":[{"href":"https:\/\/sertv.gob.pa\/nacionalfm\/wp-json\/wp\/v2\/media?parent=30870"}],"wp:term":[{"taxonomy":"category","embeddable":true,"href":"https:\/\/sertv.gob.pa\/nacionalfm\/wp-json\/wp\/v2\/categories?post=30870"},{"taxonomy":"post_tag","embeddable":true,"href":"https:\/\/sertv.gob.pa\/nacionalfm\/wp-json\/wp\/v2\/tags?post=30870"}],"curies":[{"name":"wp","href":"https:\/\/api.w.org\/{rel}","templated":true}]}}