{"id":30872,"date":"2018-09-24T15:48:35","date_gmt":"2018-09-24T15:48:35","guid":{"rendered":""},"modified":"2018-09-24T15:48:35","modified_gmt":"2018-09-24T15:48:35","slug":"inac-premio-a-ganadores-del-concurso-de-artes-visuales-roberto-lewis-2018","status":"publish","type":"post","link":"https:\/\/sertv.gob.pa\/nacionalfm\/inac-premio-a-ganadores-del-concurso-de-artes-visuales-roberto-lewis-2018\/","title":{"rendered":"INAC premi\u00f3 a ganadores del Concurso de Artes Visuales Roberto Lewis 2018"},"content":{"rendered":"<p>\nRecientemente, autoridades del Instituto Nacional de Cultura (INAC), premi\u00f3 a 21 ganadores en la   XXXVIII versi\u00f3n del Concurso de Artes     Visuales Roberto Lewis 2018  , en las categor\u00edas de Pintura, Escultura, Fotograf\u00eda y Arte Digital, en una ceremonia llena de arte y cultura efectuada en el Teatro Anita Villalaz y la Exposici\u00f3n de las obras escogidas en la Galer\u00eda Juan Manuel Cede\u00f1o.\u00a0 <\/p>\n<p>Como antesala a la gala de premiaci\u00f3n\u00a0del m\u00e1ximo Concurso de Artes Visuales\u00a0de Panam\u00e1,\u00a0se expusieron las\u00a0obras ganadoras,\u00a0las menciones honor\u00edficas y las obras seleccionadas que tambi\u00e9n fueron evaluadas por el jurado. La exhibici\u00f3n, estar\u00e1\u00a0expuesta\u00a0en la Galer\u00eda de Artes Juan Manuel Cede\u00f1o en las B\u00f3vedas, hasta el 19 de octubre, de lunes a viernes en horario de 8:00 a.m. a 4:00 p m. Entrada libre.\u00a0 <\/p>\n<p>Sobre el particular, la Directora General del INAC, Janelle Davidson, revel\u00f3, que &ldquo;el\u00a0 Premio Roberto Lewis , no es una respuesta precisa a la problem\u00e1tica del artista local, pero s\u00ed posibilita una valoraci\u00f3n del esfuerzo continuo y comprometido de los artistas. Es una puerta para el encuentro del talento nacional con la ciudadan\u00eda. El Roberto Lewis, naci\u00f3 para dignificar la producci\u00f3n art\u00edstica, pero tambi\u00e9n para honrar la originalidad creativa&rdquo;.\u00a0 <\/p>\n<p>Este prestigioso concurso que busca estimular a los artistas en la producci\u00f3n de obras en las diferentes \u00e1reas y t\u00e9cnicas de las artes,\u00a0 premi\u00f3 en la categor\u00eda\u00a0\u00a0pintura en el primer lugar, a Radam\u00e9s Pinz\u00f3n, con la obra titulada  &ldquo;Recu\u00e9rdenme como llegar a Santa  Ana&rdquo;; el primer premio de escultura, se lo llev\u00f3 S\u00e9ptimo Vergara, con la obra  &ldquo;Se va y se pasea&rdquo; ;\u00a0\u00a0en categor\u00eda fotograf\u00eda, el primer lugar fue para\u00a0\u00a0Manuel Antonio Jovan\u00e9, con la obra  &ldquo;Descenso al coraz\u00f3n de la jungla inhumana&rdquo;  y\u00a0\u00a0en Arte Digital el primer premio fue para Zoila Edilma \u00abSammie Real\u00bb\u00a0Tapia Gonz\u00e1lez, con la obra titulada  &ldquo;So\u00f1\u00e9 que volv\u00eda&rdquo;.  \u00a0 <\/p>\n<p>Para este evento, el INAC otorg\u00f3 \u00e9ste a\u00f1o, alrededor de  39 mil\u00a0balboas  en premios,  a los ganadores de las cuatro categor\u00edas de la siguiente manera: Pintura 15 mil balboas, Escultura 10 mil 500 balboas, Fotograf\u00eda 8 mil balboas y Arte Digital 5 mil 500 balboas.\u00a0  <\/p>\n<p>La gala de premiaci\u00f3n, que se llev\u00f3 a cabo en el Teatro Anita Villalaz, de igual forma, ofreci\u00f3 pergamino de reconocimiento a los artistas visuales\u00a0en las diversas secciones. <\/p>\n","protected":false},"excerpt":{"rendered":"<p>Recientemente, autoridades del Instituto Nacional de Cultura (INAC), premi\u00f3 a <a href=\"https:\/\/sertv.gob.pa\/nacionalfm\/inac-premio-a-ganadores-del-concurso-de-artes-visuales-roberto-lewis-2018\/\"> [&#8230;]<\/a><\/p>\n","protected":false},"author":1,"featured_media":30873,"comment_status":"closed","ping_status":"closed","sticky":false,"template":"","format":"standard","meta":{"footnotes":""},"categories":[2],"tags":[],"class_list":["post-30872","post","type-post","status-publish","format-standard","has-post-thumbnail","hentry","category-nacionales"],"_links":{"self":[{"href":"https:\/\/sertv.gob.pa\/nacionalfm\/wp-json\/wp\/v2\/posts\/30872","targetHints":{"allow":["GET"]}}],"collection":[{"href":"https:\/\/sertv.gob.pa\/nacionalfm\/wp-json\/wp\/v2\/posts"}],"about":[{"href":"https:\/\/sertv.gob.pa\/nacionalfm\/wp-json\/wp\/v2\/types\/post"}],"author":[{"embeddable":true,"href":"https:\/\/sertv.gob.pa\/nacionalfm\/wp-json\/wp\/v2\/users\/1"}],"replies":[{"embeddable":true,"href":"https:\/\/sertv.gob.pa\/nacionalfm\/wp-json\/wp\/v2\/comments?post=30872"}],"version-history":[{"count":0,"href":"https:\/\/sertv.gob.pa\/nacionalfm\/wp-json\/wp\/v2\/posts\/30872\/revisions"}],"wp:featuredmedia":[{"embeddable":true,"href":"https:\/\/sertv.gob.pa\/nacionalfm\/wp-json\/wp\/v2\/media\/30873"}],"wp:attachment":[{"href":"https:\/\/sertv.gob.pa\/nacionalfm\/wp-json\/wp\/v2\/media?parent=30872"}],"wp:term":[{"taxonomy":"category","embeddable":true,"href":"https:\/\/sertv.gob.pa\/nacionalfm\/wp-json\/wp\/v2\/categories?post=30872"},{"taxonomy":"post_tag","embeddable":true,"href":"https:\/\/sertv.gob.pa\/nacionalfm\/wp-json\/wp\/v2\/tags?post=30872"}],"curies":[{"name":"wp","href":"https:\/\/api.w.org\/{rel}","templated":true}]}}