{"id":30882,"date":"2018-09-24T19:15:41","date_gmt":"2018-09-24T19:15:41","guid":{"rendered":""},"modified":"2018-09-24T19:15:41","modified_gmt":"2018-09-24T19:15:41","slug":"panama-reduce-el-trabajo-infantil-dentro-del-rubro-de-la-cana-de-azucar","status":"publish","type":"post","link":"https:\/\/sertv.gob.pa\/nacionalfm\/panama-reduce-el-trabajo-infantil-dentro-del-rubro-de-la-cana-de-azucar\/","title":{"rendered":"Panam\u00e1 reduce el trabajo infantil dentro del rubro de la Ca\u00f1a de Az\u00facar"},"content":{"rendered":"<p>\nEl Departamento de Trabajo de los Estados Unidos (DOL), determin\u00f3 que la incidencia del trabajo infantil en la producci\u00f3n de ca\u00f1a de az\u00facar en Panam\u00e1, se ha reducido de forma significativa, y la evidencia disponible respalda la eliminaci\u00f3n del trabajo infantil en la producci\u00f3n de la Lista TVPRA. <\/p>\n<p>As\u00ed lo dio a conocer, la Embajada de los Estados Unidos en Panam\u00e1,\u00a0 al Ministerio de Trabajo y Desarrollo Laboral (MITRADEL), a trav\u00e9s de un documento, en donde se detalla el liderazgo de nuestro pa\u00eds para reducir significativamente el trabajo infantil en el bien de la ca\u00f1a de az\u00facar. <\/p>\n<p>&ldquo;Apreciamos el apoyo del Ministerio de Trabajo para este estudio y aplaudimos a su gobierno por los muchos esfuerzos que ha realizado para combatir el trabajo infantil en la ca\u00f1a de az\u00facar y en todo Panam\u00e1. Panam\u00e1, ha demostrado un gran liderazgo al estar dispuesto a realizar investigaciones sobre el trabajo infantil&rdquo;, resalta el documento de la Embajada de los Estados Unidos. <\/p>\n<p>De igual manera DOL, confirm\u00f3 que el Gobierno de Panam\u00e1, los productores de az\u00facar y la sociedad civil han desempe\u00f1ado un papel activo en la reducci\u00f3n del trabajo infantil en el sector de la ca\u00f1a de az\u00facar <\/p>\n","protected":false},"excerpt":{"rendered":"<p>El Departamento de Trabajo de los Estados Unidos (DOL), determin\u00f3 <a href=\"https:\/\/sertv.gob.pa\/nacionalfm\/panama-reduce-el-trabajo-infantil-dentro-del-rubro-de-la-cana-de-azucar\/\"> [&#8230;]<\/a><\/p>\n","protected":false},"author":1,"featured_media":30883,"comment_status":"closed","ping_status":"closed","sticky":false,"template":"","format":"standard","meta":{"footnotes":""},"categories":[2],"tags":[],"class_list":["post-30882","post","type-post","status-publish","format-standard","has-post-thumbnail","hentry","category-nacionales"],"_links":{"self":[{"href":"https:\/\/sertv.gob.pa\/nacionalfm\/wp-json\/wp\/v2\/posts\/30882","targetHints":{"allow":["GET"]}}],"collection":[{"href":"https:\/\/sertv.gob.pa\/nacionalfm\/wp-json\/wp\/v2\/posts"}],"about":[{"href":"https:\/\/sertv.gob.pa\/nacionalfm\/wp-json\/wp\/v2\/types\/post"}],"author":[{"embeddable":true,"href":"https:\/\/sertv.gob.pa\/nacionalfm\/wp-json\/wp\/v2\/users\/1"}],"replies":[{"embeddable":true,"href":"https:\/\/sertv.gob.pa\/nacionalfm\/wp-json\/wp\/v2\/comments?post=30882"}],"version-history":[{"count":0,"href":"https:\/\/sertv.gob.pa\/nacionalfm\/wp-json\/wp\/v2\/posts\/30882\/revisions"}],"wp:featuredmedia":[{"embeddable":true,"href":"https:\/\/sertv.gob.pa\/nacionalfm\/wp-json\/wp\/v2\/media\/30883"}],"wp:attachment":[{"href":"https:\/\/sertv.gob.pa\/nacionalfm\/wp-json\/wp\/v2\/media?parent=30882"}],"wp:term":[{"taxonomy":"category","embeddable":true,"href":"https:\/\/sertv.gob.pa\/nacionalfm\/wp-json\/wp\/v2\/categories?post=30882"},{"taxonomy":"post_tag","embeddable":true,"href":"https:\/\/sertv.gob.pa\/nacionalfm\/wp-json\/wp\/v2\/tags?post=30882"}],"curies":[{"name":"wp","href":"https:\/\/api.w.org\/{rel}","templated":true}]}}