{"id":30884,"date":"2018-09-24T19:52:07","date_gmt":"2018-09-24T19:52:07","guid":{"rendered":""},"modified":"2018-09-24T19:52:07","modified_gmt":"2018-09-24T19:52:07","slug":"realizan-conversatorio-para-examinar-progreso-de-las-obras-en-veraguas","status":"publish","type":"post","link":"https:\/\/sertv.gob.pa\/nacionalfm\/realizan-conversatorio-para-examinar-progreso-de-las-obras-en-veraguas\/","title":{"rendered":"Realizan conversatorio para examinar progreso de las obras en Veraguas"},"content":{"rendered":"<p>\nCon miras a evaluar y coordinar los trabajos que se desarrollan dentro del programa  Techos de Esperanza  que lleva adelante el personal del Ministerio de Vivienda y Ordenamiento Territorial, se realiz\u00f3 recientemente, una reuni\u00f3n con los colaboradores de la provincia de Veraguas. <\/p>\n<p>Al respecto, Jos\u00e9 Echevers, director nacional de Mejoramiento Habitacional de la entidad, indic\u00f3, que dicho acercamiento\u00a0busca coordinar y unificar la culminaci\u00f3n de expedientes en cada frente. <\/p>\n<p>Esta actividad, cont\u00f3 con la presencia de Jos\u00e9 Pe\u00f1a, jefe de equipo y maquinaria, Karla Reyna coordinadora administrativa y los encargados en provincias\u00a0de los proyectos. <\/p>\n<p>Al finalizar la misma, se lleg\u00f3 a la conclusi\u00f3n, de dinamizar el trabajo para un mejor desarrollo del proyecto, inventariar el equipo y material existente, adem\u00e1s de la construcci\u00f3n de 40 puentes o zarzos, de los cuales 10 corresponden a la provincia de Veraguas, afirm\u00f3 Echevers. <\/p>\n<p>\u00a0 <\/p>\n","protected":false},"excerpt":{"rendered":"<p>Con miras a evaluar y coordinar los trabajos que se <a href=\"https:\/\/sertv.gob.pa\/nacionalfm\/realizan-conversatorio-para-examinar-progreso-de-las-obras-en-veraguas\/\"> [&#8230;]<\/a><\/p>\n","protected":false},"author":1,"featured_media":30885,"comment_status":"closed","ping_status":"closed","sticky":false,"template":"","format":"standard","meta":{"footnotes":""},"categories":[2],"tags":[],"class_list":["post-30884","post","type-post","status-publish","format-standard","has-post-thumbnail","hentry","category-nacionales"],"_links":{"self":[{"href":"https:\/\/sertv.gob.pa\/nacionalfm\/wp-json\/wp\/v2\/posts\/30884","targetHints":{"allow":["GET"]}}],"collection":[{"href":"https:\/\/sertv.gob.pa\/nacionalfm\/wp-json\/wp\/v2\/posts"}],"about":[{"href":"https:\/\/sertv.gob.pa\/nacionalfm\/wp-json\/wp\/v2\/types\/post"}],"author":[{"embeddable":true,"href":"https:\/\/sertv.gob.pa\/nacionalfm\/wp-json\/wp\/v2\/users\/1"}],"replies":[{"embeddable":true,"href":"https:\/\/sertv.gob.pa\/nacionalfm\/wp-json\/wp\/v2\/comments?post=30884"}],"version-history":[{"count":0,"href":"https:\/\/sertv.gob.pa\/nacionalfm\/wp-json\/wp\/v2\/posts\/30884\/revisions"}],"wp:featuredmedia":[{"embeddable":true,"href":"https:\/\/sertv.gob.pa\/nacionalfm\/wp-json\/wp\/v2\/media\/30885"}],"wp:attachment":[{"href":"https:\/\/sertv.gob.pa\/nacionalfm\/wp-json\/wp\/v2\/media?parent=30884"}],"wp:term":[{"taxonomy":"category","embeddable":true,"href":"https:\/\/sertv.gob.pa\/nacionalfm\/wp-json\/wp\/v2\/categories?post=30884"},{"taxonomy":"post_tag","embeddable":true,"href":"https:\/\/sertv.gob.pa\/nacionalfm\/wp-json\/wp\/v2\/tags?post=30884"}],"curies":[{"name":"wp","href":"https:\/\/api.w.org\/{rel}","templated":true}]}}