{"id":30888,"date":"2018-09-25T11:11:29","date_gmt":"2018-09-25T11:11:29","guid":{"rendered":""},"modified":"2018-09-25T11:11:29","modified_gmt":"2018-09-25T11:11:29","slug":"virus-del-zika-puede-tratar-tumores-cerebrales","status":"publish","type":"post","link":"https:\/\/sertv.gob.pa\/nacionalfm\/virus-del-zika-puede-tratar-tumores-cerebrales\/","title":{"rendered":"Virus del Zika puede tratar tumores cerebrales"},"content":{"rendered":"<p>\nLa reciente epidemia de Zika ocurrida en Am\u00e9rica ha causado una emergencia de salud p\u00fablica. Sin embargo, los investigadores de China y Estados Unidos han hecho otro descubrimiento: una vacuna del virus Zika que desarrollaron puede inhibir el crecimiento del tumor cerebral. <\/p>\n<p>La p\u00e1gina web ScienceNet.cn inform\u00f3 del nuevo estudio, que hab\u00eda sido publicado anteriormente por mBio, una revista de la Sociedad Estadounidense de Microbiolog\u00eda. De acuerdo con la noticia, el estudio conjunto fue encabezado por Qin Chengfeng de la Academia de Ciencias M\u00e9dicas Militares en China, Man Jianghong, del Centro Nacional de An\u00e1lisis Biom\u00e9dico en China y Shi Peiyong, de la Universidad de Texas. <\/p>\n<p>Xinhua <\/p>\n","protected":false},"excerpt":{"rendered":"<p>La reciente epidemia de Zika ocurrida en Am\u00e9rica ha causado <a href=\"https:\/\/sertv.gob.pa\/nacionalfm\/virus-del-zika-puede-tratar-tumores-cerebrales\/\"> [&#8230;]<\/a><\/p>\n","protected":false},"author":1,"featured_media":30889,"comment_status":"closed","ping_status":"closed","sticky":false,"template":"","format":"standard","meta":{"footnotes":""},"categories":[5],"tags":[],"class_list":["post-30888","post","type-post","status-publish","format-standard","has-post-thumbnail","hentry","category-salud"],"_links":{"self":[{"href":"https:\/\/sertv.gob.pa\/nacionalfm\/wp-json\/wp\/v2\/posts\/30888","targetHints":{"allow":["GET"]}}],"collection":[{"href":"https:\/\/sertv.gob.pa\/nacionalfm\/wp-json\/wp\/v2\/posts"}],"about":[{"href":"https:\/\/sertv.gob.pa\/nacionalfm\/wp-json\/wp\/v2\/types\/post"}],"author":[{"embeddable":true,"href":"https:\/\/sertv.gob.pa\/nacionalfm\/wp-json\/wp\/v2\/users\/1"}],"replies":[{"embeddable":true,"href":"https:\/\/sertv.gob.pa\/nacionalfm\/wp-json\/wp\/v2\/comments?post=30888"}],"version-history":[{"count":0,"href":"https:\/\/sertv.gob.pa\/nacionalfm\/wp-json\/wp\/v2\/posts\/30888\/revisions"}],"wp:featuredmedia":[{"embeddable":true,"href":"https:\/\/sertv.gob.pa\/nacionalfm\/wp-json\/wp\/v2\/media\/30889"}],"wp:attachment":[{"href":"https:\/\/sertv.gob.pa\/nacionalfm\/wp-json\/wp\/v2\/media?parent=30888"}],"wp:term":[{"taxonomy":"category","embeddable":true,"href":"https:\/\/sertv.gob.pa\/nacionalfm\/wp-json\/wp\/v2\/categories?post=30888"},{"taxonomy":"post_tag","embeddable":true,"href":"https:\/\/sertv.gob.pa\/nacionalfm\/wp-json\/wp\/v2\/tags?post=30888"}],"curies":[{"name":"wp","href":"https:\/\/api.w.org\/{rel}","templated":true}]}}