{"id":30892,"date":"2018-09-25T14:51:46","date_gmt":"2018-09-25T14:51:46","guid":{"rendered":""},"modified":"2018-09-25T14:51:46","modified_gmt":"2018-09-25T14:51:46","slug":"presidente-varela-inicia-su-agenda-oficial-en-las-naciones-unidas","status":"publish","type":"post","link":"https:\/\/sertv.gob.pa\/nacionalfm\/presidente-varela-inicia-su-agenda-oficial-en-las-naciones-unidas\/","title":{"rendered":"Presidente Varela inicia su agenda oficial en las Naciones Unidas"},"content":{"rendered":"<p>\nEl presidente de la Rep\u00fablica de Panam\u00e1, Juan Carlos Varela, inici\u00f3 su agenda oficial en las Naciones Unidas, con su participaci\u00f3n en la reuni\u00f3n plenaria de la Cumbre de Paz de Nelson Mandela.\u00a0 <\/p>\n<p>Durante su intervenci\u00f3n, el presidente Varela, destac\u00f3 las contribuciones de este defensor mundial de la paz, la justicia y la igualdad, a la vez que hizo \u00e9nfasis en la importancia de abanderar y fortalecer los principios de la no violencia, principalmente en la actual coyuntura global, donde la guerra y los conflictos constituyen las principales causas de las migraciones masivas, de cuyo luto y dolor Panam\u00e1 ha sido testigo.\u00a0 <\/p>\n<p>&ldquo;Panam\u00e1, como pa\u00eds multi\u00e9tnico y pluricultural, respetuoso de la diversidad y la tolerancia, cree fielmente que la capacidad de los pa\u00edses debe ser puesta a favor de la resoluci\u00f3n de los problemas que nos trae la vida y no los que nos creamos&rdquo;, destac\u00f3 el mandatario paname\u00f1o. <\/p>\n<p> Llamado Global de Acci\u00f3n sobre el Problema Mundial de las Drogas  <\/p>\n<p>El lunes, 24 de septiembre, en horas de la ma\u00f1ana, el presidente Varela, particip\u00f3 del Evento de Alto Nivel: &ldquo;Llamado Global de Acci\u00f3n sobre el Problema Mundial de las Drogas&rdquo;. Reuni\u00f3n en la que se demuestra la voluntad pol\u00edtica internacional para mejorar los esfuerzos para abordar y contrarrestar de manera efectiva las graves amenazas que plantea el problema mundial de las drogas. <\/p>\n<p>En este tenor, las acciones implementadas por Panam\u00e1 en la lucha contra el narcotr\u00e1fico, han posicionado al pa\u00eds como el cuarto a nivel mundial con m\u00e1s drogas incautadas, superando las 300 toneladas confiscadas por los estamentos de seguridad durante los \u00faltimos cuatro a\u00f1os. <\/p>\n<p>Sumado a estos esfuerzos, el Gobierno de la Rep\u00fablica de Panam\u00e1, lanzar\u00e1 la pr\u00f3xima semana, el Plan Arc\u00e1ngel de Prevenci\u00f3n Social en poblaciones costeras vulnerables al narcotr\u00e1fico, de la mano del Plan Escudo de bloqueo terrestre permanente a las rutas del narcotr\u00e1fico que, junto a la Estrategia de Seguridad Ciudadana 2017-2030 y al Plan Plurianual de inversiones para la adquisici\u00f3n de equipos de patrullaje a\u00e9reo y mar\u00edtimo, potenciar\u00e1n los esfuerzos para enfrentar el fen\u00f3meno del narcotr\u00e1fico y el crimen organizado.\u00a0 <\/p>\n<p>\u00a0 <\/p>\n<p>\u00a0 <\/p>\n<p>\u00a0 <\/p>\n","protected":false},"excerpt":{"rendered":"<p>El presidente de la Rep\u00fablica de Panam\u00e1, Juan Carlos Varela, <a href=\"https:\/\/sertv.gob.pa\/nacionalfm\/presidente-varela-inicia-su-agenda-oficial-en-las-naciones-unidas\/\"> [&#8230;]<\/a><\/p>\n","protected":false},"author":1,"featured_media":30893,"comment_status":"closed","ping_status":"closed","sticky":false,"template":"","format":"standard","meta":{"footnotes":""},"categories":[2],"tags":[],"class_list":["post-30892","post","type-post","status-publish","format-standard","has-post-thumbnail","hentry","category-nacionales"],"_links":{"self":[{"href":"https:\/\/sertv.gob.pa\/nacionalfm\/wp-json\/wp\/v2\/posts\/30892","targetHints":{"allow":["GET"]}}],"collection":[{"href":"https:\/\/sertv.gob.pa\/nacionalfm\/wp-json\/wp\/v2\/posts"}],"about":[{"href":"https:\/\/sertv.gob.pa\/nacionalfm\/wp-json\/wp\/v2\/types\/post"}],"author":[{"embeddable":true,"href":"https:\/\/sertv.gob.pa\/nacionalfm\/wp-json\/wp\/v2\/users\/1"}],"replies":[{"embeddable":true,"href":"https:\/\/sertv.gob.pa\/nacionalfm\/wp-json\/wp\/v2\/comments?post=30892"}],"version-history":[{"count":0,"href":"https:\/\/sertv.gob.pa\/nacionalfm\/wp-json\/wp\/v2\/posts\/30892\/revisions"}],"wp:featuredmedia":[{"embeddable":true,"href":"https:\/\/sertv.gob.pa\/nacionalfm\/wp-json\/wp\/v2\/media\/30893"}],"wp:attachment":[{"href":"https:\/\/sertv.gob.pa\/nacionalfm\/wp-json\/wp\/v2\/media?parent=30892"}],"wp:term":[{"taxonomy":"category","embeddable":true,"href":"https:\/\/sertv.gob.pa\/nacionalfm\/wp-json\/wp\/v2\/categories?post=30892"},{"taxonomy":"post_tag","embeddable":true,"href":"https:\/\/sertv.gob.pa\/nacionalfm\/wp-json\/wp\/v2\/tags?post=30892"}],"curies":[{"name":"wp","href":"https:\/\/api.w.org\/{rel}","templated":true}]}}