{"id":30894,"date":"2018-09-25T15:14:31","date_gmt":"2018-09-25T15:14:31","guid":{"rendered":""},"modified":"2018-09-25T15:14:31","modified_gmt":"2018-09-25T15:14:31","slug":"presidente-varela-sostuvo-reunion-con-el-secretario-general-de-la-onu","status":"publish","type":"post","link":"https:\/\/sertv.gob.pa\/nacionalfm\/presidente-varela-sostuvo-reunion-con-el-secretario-general-de-la-onu\/","title":{"rendered":"Presidente Varela sostuvo reuni\u00f3n con el Secretario General de la ONU"},"content":{"rendered":"<p>\nEl Presidente de la Rep\u00fablica de Panam\u00e1, durante el desarrollo de su agenda oficial en las Naciones Unidas, sostuvo una audiencia el lunes, 24 de septiembre, en horas de la tarde, con el Secretario General de la Organizaci\u00f3n de las Naciones Unidas, Ant\u00f3nio Guterres, en donde profundiz\u00f3 en las acciones concretas implementadas por Panam\u00e1, con el fin de acelerar los resultados para alcanzar los Objetivos de Desarrollo Sostenible. <\/p>\n<p>Asimismo, el presidente Varela, enfatiz\u00f3 algunas de estas iniciativas implementadas por Panam\u00e1, a fin de consolidarse como pa\u00eds cooperante, como la pr\u00f3xima apertura del Centro Log\u00edstico Regional de Asistencia Humanitaria (CLRAH), los profesores paname\u00f1os que ense\u00f1an ingl\u00e9s en conjunto con UNICEF en campos de refugiados en Jordania.\u00a0 <\/p>\n<p>Por su parte, el Secretario General de la ONU, agradeci\u00f3 el compromiso de Panam\u00e1 con esta Organizaci\u00f3n y el cumplimiento de los Objetivos de Desarrollo Sostenible y reconoci\u00f3 los s\u00f3lidos aportes del pa\u00eds en ayuda humanitaria. <\/p>\n<p>El gobernante Varela, resalt\u00f3 el rol activo que Panam\u00e1 est\u00e1 desempe\u00f1ando en el \u00e1mbito multilateral, al contar con la representaci\u00f3n de Natalia Kanem, Directora Ejecutiva del Fondo de Poblaci\u00f3n de las Naciones Unidas y Laura Flores, Directora para la Divisi\u00f3n de las Am\u00e9ricas en el Departamento de Asuntos Pol\u00edticos de la ONU.\u00a0 <\/p>\n<p> Reuniones paralelas de alto nivel  <\/p>\n<p>El presidente Varela, tambi\u00e9n estuvo presente en el Evento &ldquo;Youth 2030&rdquo;: Lanzamiento de la Estrategia de las Naciones Unidas para la Juventud. Esta nueva estrategia de la ONU cuya meta es asegurar que cada joven est\u00e9 en la escuela, capacitado o empleado para el a\u00f1o 2030, fue presentada por el Secretario General de las ONU, Ant\u00f3nio Guterres, con la presencia de jefes de Estado y m\u00e1s de 600 j\u00f3venes delegados de diferentes pa\u00edses.\u00a0 <\/p>\n<p>Finalizando su agenda del lunes en Nueva York, el presidente Varela, particip\u00f3 junto al primer ministro de Canad\u00e1, Justin Trudeau, y la Directora del Fondo Monetario Internacional, Christine Lagarde, del Panel de Alto Nivel sobre Financiamiento de la Agenda 2030, para el Desarrollo sostenible, en donde coincidi\u00f3 con lo exteriorizado por el Primer Ministro Trudeau, de la importancia de facilitar los flujos de inversi\u00f3n privada para lograr el cumplimiento de los ODS. <\/p>\n<p>A la postre, se traslad\u00f3 a la reuni\u00f3n ofrecida por el Consejo de las Am\u00e9ricas en su honor, en donde convers\u00f3 con altos representantes de importantes empresas multinacionales y l\u00edderes pol\u00edticos sobre el escenario actual en la regi\u00f3n y las ventajas competitivas y oportunidades de inversi\u00f3n que brinda Panam\u00e1. Durante la reuni\u00f3n, el mandatario destac\u00f3 la diversidad econ\u00f3mica y la plataforma de conectividad que ofrece el pa\u00eds, a trav\u00e9s del Canal de Panam\u00e1 y el Aeropuerto Internacional de Tocumen. <\/p>\n","protected":false},"excerpt":{"rendered":"<p>El Presidente de la Rep\u00fablica de Panam\u00e1, durante el desarrollo <a href=\"https:\/\/sertv.gob.pa\/nacionalfm\/presidente-varela-sostuvo-reunion-con-el-secretario-general-de-la-onu\/\"> [&#8230;]<\/a><\/p>\n","protected":false},"author":1,"featured_media":30895,"comment_status":"closed","ping_status":"closed","sticky":false,"template":"","format":"standard","meta":{"footnotes":""},"categories":[2],"tags":[],"class_list":["post-30894","post","type-post","status-publish","format-standard","has-post-thumbnail","hentry","category-nacionales"],"_links":{"self":[{"href":"https:\/\/sertv.gob.pa\/nacionalfm\/wp-json\/wp\/v2\/posts\/30894","targetHints":{"allow":["GET"]}}],"collection":[{"href":"https:\/\/sertv.gob.pa\/nacionalfm\/wp-json\/wp\/v2\/posts"}],"about":[{"href":"https:\/\/sertv.gob.pa\/nacionalfm\/wp-json\/wp\/v2\/types\/post"}],"author":[{"embeddable":true,"href":"https:\/\/sertv.gob.pa\/nacionalfm\/wp-json\/wp\/v2\/users\/1"}],"replies":[{"embeddable":true,"href":"https:\/\/sertv.gob.pa\/nacionalfm\/wp-json\/wp\/v2\/comments?post=30894"}],"version-history":[{"count":0,"href":"https:\/\/sertv.gob.pa\/nacionalfm\/wp-json\/wp\/v2\/posts\/30894\/revisions"}],"wp:featuredmedia":[{"embeddable":true,"href":"https:\/\/sertv.gob.pa\/nacionalfm\/wp-json\/wp\/v2\/media\/30895"}],"wp:attachment":[{"href":"https:\/\/sertv.gob.pa\/nacionalfm\/wp-json\/wp\/v2\/media?parent=30894"}],"wp:term":[{"taxonomy":"category","embeddable":true,"href":"https:\/\/sertv.gob.pa\/nacionalfm\/wp-json\/wp\/v2\/categories?post=30894"},{"taxonomy":"post_tag","embeddable":true,"href":"https:\/\/sertv.gob.pa\/nacionalfm\/wp-json\/wp\/v2\/tags?post=30894"}],"curies":[{"name":"wp","href":"https:\/\/api.w.org\/{rel}","templated":true}]}}