{"id":30896,"date":"2018-09-25T15:59:54","date_gmt":"2018-09-25T15:59:54","guid":{"rendered":""},"modified":"2018-09-25T15:59:54","modified_gmt":"2018-09-25T15:59:54","slug":"primera-dama-de-panama-entrega-significativo-documento-a-antonio-guterres","status":"publish","type":"post","link":"https:\/\/sertv.gob.pa\/nacionalfm\/primera-dama-de-panama-entrega-significativo-documento-a-antonio-guterres\/","title":{"rendered":"Primera Dama de Panam\u00e1 entrega significativo documento a Ant\u00f3nio Guterres"},"content":{"rendered":"<p>\nLa primera Dama de la Rep\u00fablica de Panam\u00e1, Lorena Castillo de Varela, en representaci\u00f3n de los L\u00edderes y Laureados por los Ni\u00f1os, entreg\u00f3 al Secretario General de las Naciones Unidas (NU), Ant\u00f3nio Guterres, una Declaraci\u00f3n a trav\u00e9s de la cual se pide a la comunidad internacional y a las NU que redoblen sus esfuerzos para preservar los derechos de los ni\u00f1os y ni\u00f1as, particularmente los trabajadores y refugiados, y que salvaguarden su acceso a la educaci\u00f3n, la protecci\u00f3n, la nutrici\u00f3n, la salud f\u00edsica y mental. <\/p>\n<p>Este documento que fue el resultado de la Cumbre de L\u00edderes y Laureados por los Ni\u00f1os 2018, desarrollado en marzo pasado en Jordania y de cuyo Comit\u00e9 Coordinador forma parte la primera Dama, servir\u00e1 como hoja de ruta para que todos los gobiernos y organizaciones internacionales garanticen la paz, reduzcan los gastos militares mundiales y destinen m\u00e1s fondos al desarrollo sostenible y a los servicios dirigidos a los ni\u00f1os. <\/p>\n<p>El movimiento global L\u00edderes y Laureados por los Ni\u00f1os fundado por el Premio Nobel de la Paz 2014, Kailash Satyarthi, impulsa iniciativas en pro de la justicia, la educaci\u00f3n y una vida mejor para millones de menores atrapados en la explotaci\u00f3n del trabajo infantil. <\/p>\n<p>La Declaraci\u00f3n entregada por la primera Dama a Guterres en presencia del Presidente Juan Carlos Varela y de la Vicepresidenta y Canciller, Isabel De Saint Malo de Alvarado, tambi\u00e9n subraya la importancia de expandir la base de datos global en la Organizaci\u00f3n Internacional de Polic\u00eda Criminal (Interpol), para monitorear el tr\u00e1fico de ni\u00f1os de forma m\u00e1s efectiva y seguir desarrollando pol\u00edticas que rigen el trabajo infantil, la trata y el abuso, as\u00ed como el llamado a un acuerdo vinculante contra la explotaci\u00f3n sexual de ni\u00f1os en Internet, que est\u00e1 respaldado por grupos de trabajo internacionales para combatir mejor la pornograf\u00eda infantil y otras formas de explotaci\u00f3n en l\u00ednea. <\/p>\n<p>Al mismo tiempo, aboga por el establecimiento de un marco para garantizar que los gobiernos y las organizaciones internacionales cumplan sus compromisos con respecto a la protecci\u00f3n de los ni\u00f1os y garanticen el enjuiciamiento de los delitos contra los ni\u00f1os. <\/p>\n<p>La Declaraci\u00f3n, subraya la importancia de apoyar el liderazgo juvenil y la integraci\u00f3n de los derechos humanos en los planes de estudios nacionales a fin de producir generaciones futuras m\u00e1s empoderadas. <\/p>\n<p>A trav\u00e9s de este documento, se exige una toma de decisiones m\u00e1s expedita cuando se aborda la protecci\u00f3n infantil dado que 152 millones de ni\u00f1os en la actualidad est\u00e1n esclavizados por el trabajo infantil para que otros puedan obtener ganancias a costa de su libertad, educaci\u00f3n e infancia. Mientras tanto, 263 millones no tienen acceso a la educaci\u00f3n formal y 50 millones de ni\u00f1os en todo el mundo est\u00e1n desplazados debido a la guerra, la violencia, el cambio clim\u00e1tico y la falta de oportunidades. <\/p>\n<p>Durante la entrega de este documento que se da en el marco de la 73 Asamblea General de las Naciones Unidas, la primera Dama, reiter\u00f3 que es responsabilidad de todos asegurar y garantizar el pleno ejercicio de los derechos de quienes representan nuestro presente y futuro. <\/p>\n<p>En la preparaci\u00f3n de esta Declaraci\u00f3n en marzo pasado en Jordania, participaron de la Cumbre de L\u00edderes y Laureados por los Ni\u00f1os 2018\u00a0 representantes de pa\u00edses de todo el mundo, incluidos India, Jordania, Kenia, Grecia, Estados Unidos, Liberia, Chile, Per\u00fa, Brasil, Indonesia, Pakist\u00e1n, Uganda, Siria, Palestina, Panam\u00e1, Ghana, Sud\u00e1n, Nigeria y T\u00fanez. <\/p>\n","protected":false},"excerpt":{"rendered":"<p>La primera Dama de la Rep\u00fablica de Panam\u00e1, Lorena Castillo <a href=\"https:\/\/sertv.gob.pa\/nacionalfm\/primera-dama-de-panama-entrega-significativo-documento-a-antonio-guterres\/\"> [&#8230;]<\/a><\/p>\n","protected":false},"author":1,"featured_media":30897,"comment_status":"closed","ping_status":"closed","sticky":false,"template":"","format":"standard","meta":{"footnotes":""},"categories":[2],"tags":[],"class_list":["post-30896","post","type-post","status-publish","format-standard","has-post-thumbnail","hentry","category-nacionales"],"_links":{"self":[{"href":"https:\/\/sertv.gob.pa\/nacionalfm\/wp-json\/wp\/v2\/posts\/30896","targetHints":{"allow":["GET"]}}],"collection":[{"href":"https:\/\/sertv.gob.pa\/nacionalfm\/wp-json\/wp\/v2\/posts"}],"about":[{"href":"https:\/\/sertv.gob.pa\/nacionalfm\/wp-json\/wp\/v2\/types\/post"}],"author":[{"embeddable":true,"href":"https:\/\/sertv.gob.pa\/nacionalfm\/wp-json\/wp\/v2\/users\/1"}],"replies":[{"embeddable":true,"href":"https:\/\/sertv.gob.pa\/nacionalfm\/wp-json\/wp\/v2\/comments?post=30896"}],"version-history":[{"count":0,"href":"https:\/\/sertv.gob.pa\/nacionalfm\/wp-json\/wp\/v2\/posts\/30896\/revisions"}],"wp:featuredmedia":[{"embeddable":true,"href":"https:\/\/sertv.gob.pa\/nacionalfm\/wp-json\/wp\/v2\/media\/30897"}],"wp:attachment":[{"href":"https:\/\/sertv.gob.pa\/nacionalfm\/wp-json\/wp\/v2\/media?parent=30896"}],"wp:term":[{"taxonomy":"category","embeddable":true,"href":"https:\/\/sertv.gob.pa\/nacionalfm\/wp-json\/wp\/v2\/categories?post=30896"},{"taxonomy":"post_tag","embeddable":true,"href":"https:\/\/sertv.gob.pa\/nacionalfm\/wp-json\/wp\/v2\/tags?post=30896"}],"curies":[{"name":"wp","href":"https:\/\/api.w.org\/{rel}","templated":true}]}}