{"id":30898,"date":"2018-09-25T16:29:27","date_gmt":"2018-09-25T16:29:27","guid":{"rendered":""},"modified":"2018-09-25T16:29:27","modified_gmt":"2018-09-25T16:29:27","slug":"ministro-encargado-recibe-a-embajador-de-la-republica-arabe-de-egipto","status":"publish","type":"post","link":"https:\/\/sertv.gob.pa\/nacionalfm\/ministro-encargado-recibe-a-embajador-de-la-republica-arabe-de-egipto\/","title":{"rendered":"Ministro Encargado recibe a Embajador de la Rep\u00fablica \u00c1rabe de Egipto"},"content":{"rendered":"<p>\nEl Ministro encargado de Relaciones Exteriores, Luis Miguel Hincapi\u00e9, recibi\u00f3 reci\u00e9n, la visita de cortes\u00eda del Embajador de la Rep\u00fablica \u00c1rabe de Egipto,\u00a0 Hicham Omar Marzouk, al t\u00e9rmino de su misi\u00f3n en Panam\u00e1, audiencia protocolar que sirvi\u00f3 de marco para conversar sobre las relaciones diplom\u00e1ticas\u00a0 que iniciaron hace\u00a0 m\u00e1s de seis d\u00e9cadas.\u00a0 <\/p>\n<p>En ese contexto, destacaron los avances obtenidos mediante\u00a0 contactos del m\u00e1s alto nivel como el sostenido\u00a0 por los presidentes de Egipto: Abdelfatah Al- Sisi y de Panam\u00e1 Juan Carlos Varela, en el 2015, durante la 70ava\u00a0 Asamblea General de las Naciones Unidas, en Nueva York, en que trataron temas de intercambio de experiencias y buenas pr\u00e1cticas en los mecanismos de seguridad, canales interoce\u00e1nicos, promoci\u00f3n de inversiones, entre otros. <\/p>\n<p>El Ministro encargado y el embajador egipcio, de igual forma resaltaron la celebraci\u00f3n de la II Reuni\u00f3n del Mecanismo de Consultas Pol\u00edticas, para fortalecer la cooperaci\u00f3n en el turismo, la agricultura, los asuntos culturales, mar\u00edtimos, econ\u00f3micos y acad\u00e9micos. En este \u00faltimo rengl\u00f3n, destaca el acuerdo entre las Academias Diplom\u00e1ticas\u00a0 y el programa de becas que brinda el\u00a0 Instituto Egipcio para la Cooperaci\u00f3n en la Agricultura (EICA). <\/p>\n<p>Durante esta Administraci\u00f3n gubernamental paname\u00f1a y la gesti\u00f3n del embajador egipcio, tambi\u00e9n se\u00a0 impuls\u00f3 la diplomacia cultural\u00a0 con la participaci\u00f3n de Panam\u00e1 en El Cairo en la Semana del Cine Iberoamericano, con la pel\u00edcula Historias del Canal y en el Festival de Jazz,\u00a0 a trav\u00e9s de la Fundaci\u00f3n Danilo P\u00e9rez. <\/p>\n<p>En la audiencia protocolar particip\u00f3 Denisse Cabrera, Tercera Secretaria de Carrera Diplom\u00e1tica y Consular, Jefa del Departamento de \u00c1frica y Medio Oriente del Ministerio de Relaciones Exteriores. <\/p>\n","protected":false},"excerpt":{"rendered":"<p>El Ministro encargado de Relaciones Exteriores, Luis Miguel Hincapi\u00e9, recibi\u00f3 <a href=\"https:\/\/sertv.gob.pa\/nacionalfm\/ministro-encargado-recibe-a-embajador-de-la-republica-arabe-de-egipto\/\"> [&#8230;]<\/a><\/p>\n","protected":false},"author":1,"featured_media":30899,"comment_status":"closed","ping_status":"closed","sticky":false,"template":"","format":"standard","meta":{"footnotes":""},"categories":[2],"tags":[],"class_list":["post-30898","post","type-post","status-publish","format-standard","has-post-thumbnail","hentry","category-nacionales"],"_links":{"self":[{"href":"https:\/\/sertv.gob.pa\/nacionalfm\/wp-json\/wp\/v2\/posts\/30898","targetHints":{"allow":["GET"]}}],"collection":[{"href":"https:\/\/sertv.gob.pa\/nacionalfm\/wp-json\/wp\/v2\/posts"}],"about":[{"href":"https:\/\/sertv.gob.pa\/nacionalfm\/wp-json\/wp\/v2\/types\/post"}],"author":[{"embeddable":true,"href":"https:\/\/sertv.gob.pa\/nacionalfm\/wp-json\/wp\/v2\/users\/1"}],"replies":[{"embeddable":true,"href":"https:\/\/sertv.gob.pa\/nacionalfm\/wp-json\/wp\/v2\/comments?post=30898"}],"version-history":[{"count":0,"href":"https:\/\/sertv.gob.pa\/nacionalfm\/wp-json\/wp\/v2\/posts\/30898\/revisions"}],"wp:featuredmedia":[{"embeddable":true,"href":"https:\/\/sertv.gob.pa\/nacionalfm\/wp-json\/wp\/v2\/media\/30899"}],"wp:attachment":[{"href":"https:\/\/sertv.gob.pa\/nacionalfm\/wp-json\/wp\/v2\/media?parent=30898"}],"wp:term":[{"taxonomy":"category","embeddable":true,"href":"https:\/\/sertv.gob.pa\/nacionalfm\/wp-json\/wp\/v2\/categories?post=30898"},{"taxonomy":"post_tag","embeddable":true,"href":"https:\/\/sertv.gob.pa\/nacionalfm\/wp-json\/wp\/v2\/tags?post=30898"}],"curies":[{"name":"wp","href":"https:\/\/api.w.org\/{rel}","templated":true}]}}