{"id":309,"date":"2014-07-15T05:00:00","date_gmt":"2014-07-15T05:00:00","guid":{"rendered":""},"modified":"2014-07-15T05:00:00","modified_gmt":"2014-07-15T05:00:00","slug":"prohiben-usar-lidocaina-en-ninos-menores-de-dos-anos","status":"publish","type":"post","link":"https:\/\/sertv.gob.pa\/nacionalfm\/prohiben-usar-lidocaina-en-ninos-menores-de-dos-anos\/","title":{"rendered":"Prohiben usar Lidoca\u00edna en ni\u00f1os menores de dos a\u00f1os"},"content":{"rendered":"<p>\nEl\u00a0Ministerio de Salud (Minsa) lanz\u00f3 una\u00a0advertencia p\u00fablica\u00a0para que se deje de usar el medicamento conocido como Lidoca\u00edna oral, en ni\u00f1os menores de dos a\u00f1os. <\/p>\n<p>La\u00a0Lidoca\u00edna\u00a0es un analg\u00e9sico, com\u00fanmente utilizado por odont\u00f3logos, para calmar el dolor de dientes a sus pacientes. <\/p>\n<p>La advertencia, de parte de las autoridades sanitarias, sucede tras recibir un reporte de la Agencia de\u00a0Administraci\u00f3n de Alimentos y Medicamentos (FDA) de Estados Unidos. <\/p>\n<p>\u00abCuando se suministre demasiado lidoca\u00edna viscosa a lactantes y ni\u00f1os de corta edad puede resultar en convulsiones, lesi\u00f3n cerebral grave y problemas del coraz\u00f3n. En caso de sobredosis, los beb\u00e9s y ni\u00f1os pueden ser hospitalizados o morir. La FDA notific\u00f3 a los profesionales de la salud que la prescripci\u00f3n de lidoca\u00edna viscosa oral soluci\u00f3n al 2% no se debe utilizar para tratar a beb\u00e9s y ni\u00f1os con dolor de la dentici\u00f3n. Analg\u00e9sicos t\u00f3picos y medicamentos que se frotan en las enc\u00edas de los beb\u00e9s no son necesarios o incluso \u00fatil\u00bb, se\u00f1ala el comunicado.\u00a0 <\/p>\n<p>La nota informativa, dirigida a m\u00e9dicos, farmac\u00e9utas y p\u00fablico en general fue emitida por la Direcci\u00f3n Nacional de Farmacia y Drogas.\u00a0 @nacionalFm <\/p>\n<p>\u00a0 <\/p>\n","protected":false},"excerpt":{"rendered":"<p>El\u00a0Ministerio de Salud (Minsa) lanz\u00f3 una\u00a0advertencia p\u00fablica\u00a0para que se deje <a href=\"https:\/\/sertv.gob.pa\/nacionalfm\/prohiben-usar-lidocaina-en-ninos-menores-de-dos-anos\/\"> [&#8230;]<\/a><\/p>\n","protected":false},"author":1,"featured_media":310,"comment_status":"closed","ping_status":"closed","sticky":false,"template":"","format":"standard","meta":{"footnotes":""},"categories":[5],"tags":[],"class_list":["post-309","post","type-post","status-publish","format-standard","has-post-thumbnail","hentry","category-salud"],"_links":{"self":[{"href":"https:\/\/sertv.gob.pa\/nacionalfm\/wp-json\/wp\/v2\/posts\/309","targetHints":{"allow":["GET"]}}],"collection":[{"href":"https:\/\/sertv.gob.pa\/nacionalfm\/wp-json\/wp\/v2\/posts"}],"about":[{"href":"https:\/\/sertv.gob.pa\/nacionalfm\/wp-json\/wp\/v2\/types\/post"}],"author":[{"embeddable":true,"href":"https:\/\/sertv.gob.pa\/nacionalfm\/wp-json\/wp\/v2\/users\/1"}],"replies":[{"embeddable":true,"href":"https:\/\/sertv.gob.pa\/nacionalfm\/wp-json\/wp\/v2\/comments?post=309"}],"version-history":[{"count":0,"href":"https:\/\/sertv.gob.pa\/nacionalfm\/wp-json\/wp\/v2\/posts\/309\/revisions"}],"wp:featuredmedia":[{"embeddable":true,"href":"https:\/\/sertv.gob.pa\/nacionalfm\/wp-json\/wp\/v2\/media\/310"}],"wp:attachment":[{"href":"https:\/\/sertv.gob.pa\/nacionalfm\/wp-json\/wp\/v2\/media?parent=309"}],"wp:term":[{"taxonomy":"category","embeddable":true,"href":"https:\/\/sertv.gob.pa\/nacionalfm\/wp-json\/wp\/v2\/categories?post=309"},{"taxonomy":"post_tag","embeddable":true,"href":"https:\/\/sertv.gob.pa\/nacionalfm\/wp-json\/wp\/v2\/tags?post=309"}],"curies":[{"name":"wp","href":"https:\/\/api.w.org\/{rel}","templated":true}]}}