{"id":30900,"date":"2018-09-25T16:39:46","date_gmt":"2018-09-25T16:39:46","guid":{"rendered":""},"modified":"2018-09-25T16:39:46","modified_gmt":"2018-09-25T16:39:46","slug":"vicepresidenta-participa-junto-al-mandatario-de-la-asamblea-general-de-nu","status":"publish","type":"post","link":"https:\/\/sertv.gob.pa\/nacionalfm\/vicepresidenta-participa-junto-al-mandatario-de-la-asamblea-general-de-nu\/","title":{"rendered":"Vicepresidenta participa junto al Mandatario de la Asamblea General de NU"},"content":{"rendered":"<p>\nLa Vicepresidenta y Canciller, Isabel De Saint Malo de Alvarado, particip\u00f3 el lunes, 24 de septiembre, junto al Presidente de la Rep\u00fablica, Juan Carlos Varela, de la Asamblea General de Naciones Unidas, que arranc\u00f3 con la participaci\u00f3n del mandatario en el Evento de Alto Nivel: &ldquo;Llamado Global de Acci\u00f3n sobre el Problema Mundial de las Drogas&rdquo;, seguido de la reuni\u00f3n plenaria de la Cumbre de Paz de Nelson Mandela. <\/p>\n<p>Mantuvieron, tambi\u00e9n, algunos encuentros bilaterales en el marco de estos eventos, incluyendo la audiencia con el Secretario General de la Organizaci\u00f3n de las Naciones Unidas, Ant\u00f3nio Guterres, quien estuvo acompa\u00f1ado por las paname\u00f1as Natalia Kanem, Directora Ejecutiva del Fondo de Poblaci\u00f3n de las Naciones Unidas, y Laura Flores, Directora para la Divisi\u00f3n de las Am\u00e9ricas en el Departamento de Asuntos Pol\u00edticos de la ONU. <\/p>\n","protected":false},"excerpt":{"rendered":"<p>La Vicepresidenta y Canciller, Isabel De Saint Malo de Alvarado, <a href=\"https:\/\/sertv.gob.pa\/nacionalfm\/vicepresidenta-participa-junto-al-mandatario-de-la-asamblea-general-de-nu\/\"> [&#8230;]<\/a><\/p>\n","protected":false},"author":1,"featured_media":30901,"comment_status":"closed","ping_status":"closed","sticky":false,"template":"","format":"standard","meta":{"footnotes":""},"categories":[2],"tags":[],"class_list":["post-30900","post","type-post","status-publish","format-standard","has-post-thumbnail","hentry","category-nacionales"],"_links":{"self":[{"href":"https:\/\/sertv.gob.pa\/nacionalfm\/wp-json\/wp\/v2\/posts\/30900","targetHints":{"allow":["GET"]}}],"collection":[{"href":"https:\/\/sertv.gob.pa\/nacionalfm\/wp-json\/wp\/v2\/posts"}],"about":[{"href":"https:\/\/sertv.gob.pa\/nacionalfm\/wp-json\/wp\/v2\/types\/post"}],"author":[{"embeddable":true,"href":"https:\/\/sertv.gob.pa\/nacionalfm\/wp-json\/wp\/v2\/users\/1"}],"replies":[{"embeddable":true,"href":"https:\/\/sertv.gob.pa\/nacionalfm\/wp-json\/wp\/v2\/comments?post=30900"}],"version-history":[{"count":0,"href":"https:\/\/sertv.gob.pa\/nacionalfm\/wp-json\/wp\/v2\/posts\/30900\/revisions"}],"wp:featuredmedia":[{"embeddable":true,"href":"https:\/\/sertv.gob.pa\/nacionalfm\/wp-json\/wp\/v2\/media\/30901"}],"wp:attachment":[{"href":"https:\/\/sertv.gob.pa\/nacionalfm\/wp-json\/wp\/v2\/media?parent=30900"}],"wp:term":[{"taxonomy":"category","embeddable":true,"href":"https:\/\/sertv.gob.pa\/nacionalfm\/wp-json\/wp\/v2\/categories?post=30900"},{"taxonomy":"post_tag","embeddable":true,"href":"https:\/\/sertv.gob.pa\/nacionalfm\/wp-json\/wp\/v2\/tags?post=30900"}],"curies":[{"name":"wp","href":"https:\/\/api.w.org\/{rel}","templated":true}]}}