{"id":30902,"date":"2018-09-25T17:09:40","date_gmt":"2018-09-25T17:09:40","guid":{"rendered":""},"modified":"2018-09-25T17:09:40","modified_gmt":"2018-09-25T17:09:40","slug":"vicepresidenta-panamena-promueve-agenda-nacional-y-regional-de-desarrollo","status":"publish","type":"post","link":"https:\/\/sertv.gob.pa\/nacionalfm\/vicepresidenta-panamena-promueve-agenda-nacional-y-regional-de-desarrollo\/","title":{"rendered":"Vicepresidenta paname\u00f1a, promueve agenda nacional y regional de desarrollo"},"content":{"rendered":"<p>\nLa Vicepresidenta y Canciller, Isabel De Saint Malo de Alvarado, particip\u00f3 recientemente, \u00a0del panel  &ldquo;Retos emergentes y cambio de paradigmas: Nuevas   Perspectivas de la Cooperaci\u00f3n Internacional&rdquo;,  donde intervino la Sub Secretaria General de las Naciones Unidas, Amina Mohammed; la Secretaria Ejecutiva de la CEPAL, Alicia B\u00e1rcenas; el Secretario General de la OCDE, Angel Gurr\u00eda, el Director del Centro de Desarrollo de esta organizaci\u00f3n, Mario Pezzini; y el Director de Cooperaci\u00f3n y Desarrollo de la Uni\u00f3n Europea, Stefano Manservisi. <\/p>\n<p>En este espacio, De Saint Malo de Alvarado, celebr\u00f3 la propuesta de medir el avance de los Objetivos de Desarrollo Sostenible, en funci\u00f3n de las particularidades de cada pa\u00eds, haciendo referencia a los retos de los pa\u00edses de renta media como Panam\u00e1. <\/p>\n<p>Consecutivamente, la Vicepresidenta, fue invitada al acto conmemorativo de los 25 a\u00f1os de UNDAC, donde present\u00f3 el Centro Log\u00edstico Regional de Asistencia Humanitaria, el cual inaugurar\u00e1 en Panam\u00e1 y que estar\u00e1 al servicio de Am\u00e9rica Latina y El Caribe. UNDAC y usuarios como la Cruz Roja, recalcaron la labor que ha venido \u00a0ejecutando el pa\u00eds, en materia de asistencia humanitaria y el rol que jugar\u00e1 tan pronto se inaugure este Hub. <\/p>\n<p>Finalmente, la Canciller paname\u00f1a, fue una de las oradoras invitadas a la recepci\u00f3n organizada por representantes del Wilson Center, por sus aportes en materia de equidad de g\u00e9nero en Panam\u00e1 y la regi\u00f3n. <\/p>\n","protected":false},"excerpt":{"rendered":"<p>La Vicepresidenta y Canciller, Isabel De Saint Malo de Alvarado, <a href=\"https:\/\/sertv.gob.pa\/nacionalfm\/vicepresidenta-panamena-promueve-agenda-nacional-y-regional-de-desarrollo\/\"> [&#8230;]<\/a><\/p>\n","protected":false},"author":1,"featured_media":30903,"comment_status":"closed","ping_status":"closed","sticky":false,"template":"","format":"standard","meta":{"footnotes":""},"categories":[2],"tags":[],"class_list":["post-30902","post","type-post","status-publish","format-standard","has-post-thumbnail","hentry","category-nacionales"],"_links":{"self":[{"href":"https:\/\/sertv.gob.pa\/nacionalfm\/wp-json\/wp\/v2\/posts\/30902","targetHints":{"allow":["GET"]}}],"collection":[{"href":"https:\/\/sertv.gob.pa\/nacionalfm\/wp-json\/wp\/v2\/posts"}],"about":[{"href":"https:\/\/sertv.gob.pa\/nacionalfm\/wp-json\/wp\/v2\/types\/post"}],"author":[{"embeddable":true,"href":"https:\/\/sertv.gob.pa\/nacionalfm\/wp-json\/wp\/v2\/users\/1"}],"replies":[{"embeddable":true,"href":"https:\/\/sertv.gob.pa\/nacionalfm\/wp-json\/wp\/v2\/comments?post=30902"}],"version-history":[{"count":0,"href":"https:\/\/sertv.gob.pa\/nacionalfm\/wp-json\/wp\/v2\/posts\/30902\/revisions"}],"wp:featuredmedia":[{"embeddable":true,"href":"https:\/\/sertv.gob.pa\/nacionalfm\/wp-json\/wp\/v2\/media\/30903"}],"wp:attachment":[{"href":"https:\/\/sertv.gob.pa\/nacionalfm\/wp-json\/wp\/v2\/media?parent=30902"}],"wp:term":[{"taxonomy":"category","embeddable":true,"href":"https:\/\/sertv.gob.pa\/nacionalfm\/wp-json\/wp\/v2\/categories?post=30902"},{"taxonomy":"post_tag","embeddable":true,"href":"https:\/\/sertv.gob.pa\/nacionalfm\/wp-json\/wp\/v2\/tags?post=30902"}],"curies":[{"name":"wp","href":"https:\/\/api.w.org\/{rel}","templated":true}]}}