{"id":30906,"date":"2018-09-25T18:09:12","date_gmt":"2018-09-25T18:09:12","guid":{"rendered":""},"modified":"2018-09-25T18:09:12","modified_gmt":"2018-09-25T18:09:12","slug":"costa-rica-entre-una-huelga-y-la-llegada-de-inmigrantes","status":"publish","type":"post","link":"https:\/\/sertv.gob.pa\/nacionalfm\/costa-rica-entre-una-huelga-y-la-llegada-de-inmigrantes\/","title":{"rendered":"Costa Rica, entre una huelga y la llegada de inmigrantes"},"content":{"rendered":"<p>\n  Servicios internacionales   <\/p>\n<p>\u00a0 <\/p>\n<p>Mientras el Gobierno y sindicatos reanudan las negociaciones para poner fin a una huelga en contra de la reforma fiscal que la actual administraci\u00f3n ha propuesto para paliar el d\u00e9ficit, la crisis de Nicaragua ha puesto a prueba a la burocracia migratoria de Costa Rica. <\/p>\n<p>El ministro de Trabajo, Steven N\u00fa\u00f1ez, se reuni\u00f3 ayer con representantes de los sindicatos y con la mediaci\u00f3n de la Iglesia cat\u00f3lica, en la quinta sesi\u00f3n de las negociaciones que buscan poner fin a una huelga que ha afectado a la econom\u00eda nacional del pa\u00eds centroamericano. <\/p>\n<p>A pesar de la presi\u00f3n gubernamental, los sindicatos mantendr\u00e1n la huelga indefinida y han anunciado una manifestaci\u00f3n masiva en la capital del pa\u00eds para ma\u00f1ana. La huelga tuvo lugar porque los sindicatos rechazan la reforma tributaria que ha propuesto el Gobierno, puesto que consideran que afectar\u00e1 en mayor medida a las clases media y baja, debido a que grava la canasta b\u00e1sica con un 1 por ciento de impuesto al valor agregado (IVA), informa la agencia Efe. <\/p>\n<p>Por otro lado, la crisis en Nicaragua, que se desat\u00f3 el pasado 18 de abril, ha provocado que muchos nicarag\u00fcenses abandonen masivamente el pa\u00eds y muchos se dirigen hacia su vecino del sur. <\/p>\n<p>&lsquo;Hago un llamado a la calma, a la paz, a actuar con prudencia, a no caer en provocaciones o llamados al odio&#8217;, dijo el presidente Carlos Alvarado en referencia al grupo de manifestantes que a finales de agosto gritaron consignas contra los inmigrantes de Nicaragua, reporta el diario New York Times. <\/p>\n<p>La canciller de Costa Rica, Epsy Campbell Bar, ha advertido que la crisis de su vecino podr\u00eda tornarse &lsquo;demasiado grande para un pa\u00eds con condiciones como las de Costa Rica&#8217;. <\/p>\n<p>M\u00e1s de 24,000 nicarag\u00fcenses han pedido solicitud de asilo en Costa Rica, una cifra superior a las 6,300 personas de diversas nacionalidades que buscaron lo mismo en 2017. <\/p>\n","protected":false},"excerpt":{"rendered":"<p>Servicios internacionales \u00a0 Mientras el Gobierno y sindicatos reanudan las <a href=\"https:\/\/sertv.gob.pa\/nacionalfm\/costa-rica-entre-una-huelga-y-la-llegada-de-inmigrantes\/\"> [&#8230;]<\/a><\/p>\n","protected":false},"author":1,"featured_media":30907,"comment_status":"closed","ping_status":"closed","sticky":false,"template":"","format":"standard","meta":{"footnotes":""},"categories":[3],"tags":[],"class_list":["post-30906","post","type-post","status-publish","format-standard","has-post-thumbnail","hentry","category-internacionales"],"_links":{"self":[{"href":"https:\/\/sertv.gob.pa\/nacionalfm\/wp-json\/wp\/v2\/posts\/30906","targetHints":{"allow":["GET"]}}],"collection":[{"href":"https:\/\/sertv.gob.pa\/nacionalfm\/wp-json\/wp\/v2\/posts"}],"about":[{"href":"https:\/\/sertv.gob.pa\/nacionalfm\/wp-json\/wp\/v2\/types\/post"}],"author":[{"embeddable":true,"href":"https:\/\/sertv.gob.pa\/nacionalfm\/wp-json\/wp\/v2\/users\/1"}],"replies":[{"embeddable":true,"href":"https:\/\/sertv.gob.pa\/nacionalfm\/wp-json\/wp\/v2\/comments?post=30906"}],"version-history":[{"count":0,"href":"https:\/\/sertv.gob.pa\/nacionalfm\/wp-json\/wp\/v2\/posts\/30906\/revisions"}],"wp:featuredmedia":[{"embeddable":true,"href":"https:\/\/sertv.gob.pa\/nacionalfm\/wp-json\/wp\/v2\/media\/30907"}],"wp:attachment":[{"href":"https:\/\/sertv.gob.pa\/nacionalfm\/wp-json\/wp\/v2\/media?parent=30906"}],"wp:term":[{"taxonomy":"category","embeddable":true,"href":"https:\/\/sertv.gob.pa\/nacionalfm\/wp-json\/wp\/v2\/categories?post=30906"},{"taxonomy":"post_tag","embeddable":true,"href":"https:\/\/sertv.gob.pa\/nacionalfm\/wp-json\/wp\/v2\/tags?post=30906"}],"curies":[{"name":"wp","href":"https:\/\/api.w.org\/{rel}","templated":true}]}}