{"id":30908,"date":"2018-09-25T18:19:41","date_gmt":"2018-09-25T18:19:41","guid":{"rendered":""},"modified":"2018-09-25T18:19:41","modified_gmt":"2018-09-25T18:19:41","slug":"incendio-en-peru-afecta-a-120-hectareas-del-bosque-de-pomac","status":"publish","type":"post","link":"https:\/\/sertv.gob.pa\/nacionalfm\/incendio-en-peru-afecta-a-120-hectareas-del-bosque-de-pomac\/","title":{"rendered":"Incendio en Per\u00fa afecta a 120 hect\u00e1reas del Bosque de P\u00f3mac"},"content":{"rendered":"<p>\n  Lima \/ EFE   <\/p>\n<p>\u00a0 <\/p>\n<p>Un incendio forestal en Per\u00fa afect\u00f3 120 hect\u00e1reas del santuario hist\u00f3rico del Bosque de P\u00f3mac, la mayor y m\u00e1s densa formaci\u00f3n de algarrobos del planeta, seg\u00fan un informe del Instituto Nacional de Defensa Civil (Indeci) publicado hoy. <\/p>\n<p>El incendio se origin\u00f3 el s\u00e1bado por la tarde, cuando los trabajadores de ese \u00e1rea natural protegida dieron la alerta y los tareas para extinguirlo continuaron hoy a cargo de bomberos voluntarios, militares, guardaparques y brigadas municipales. Las llamas calcinaron pasto seco, algarrobos y faiques, nombre que recibe en esta zona esta otra especie de \u00e1rbol le\u00f1oso conocida tambi\u00e9n como huarango o espino. En las labores de extinci\u00f3n participan bomberos de la Compa\u00f1\u00eda 149 del municipio Illimo, a los que se sumaron hoy 52 militares del Batall\u00f3n de Ingenier\u00eda de la S\u00e9ptima Brigada de Infanter\u00eda de Pimentel, entre otros voluntarios. <\/p>\n<p>El Bosque de P\u00f3mac se encuentra a 31,5 kil\u00f3metros de la ciudad de Chiclayo, la m\u00e1s poblada de la norte\u00f1a regi\u00f3n de Lambayeque, y abarca m\u00e1s de 5.800 hect\u00e1reas en las que se encuentran especies t\u00edpicas del bosque seco. Dentro de la reserva natural hay 36 pir\u00e1mides pertenecientes a la civilizaci\u00f3n prehisp\u00e1nica Sic\u00e1n, tambi\u00e9n conocida como Lambayeque, que se desarroll\u00f3 en esta \u00e1rida regi\u00f3n del norte peruano entre los siglos VIII y XIV. <\/p>\n","protected":false},"excerpt":{"rendered":"<p>Lima \/ EFE \u00a0 Un incendio forestal en Per\u00fa afect\u00f3 <a href=\"https:\/\/sertv.gob.pa\/nacionalfm\/incendio-en-peru-afecta-a-120-hectareas-del-bosque-de-pomac\/\"> [&#8230;]<\/a><\/p>\n","protected":false},"author":1,"featured_media":30909,"comment_status":"closed","ping_status":"closed","sticky":false,"template":"","format":"standard","meta":{"footnotes":""},"categories":[3],"tags":[],"class_list":["post-30908","post","type-post","status-publish","format-standard","has-post-thumbnail","hentry","category-internacionales"],"_links":{"self":[{"href":"https:\/\/sertv.gob.pa\/nacionalfm\/wp-json\/wp\/v2\/posts\/30908","targetHints":{"allow":["GET"]}}],"collection":[{"href":"https:\/\/sertv.gob.pa\/nacionalfm\/wp-json\/wp\/v2\/posts"}],"about":[{"href":"https:\/\/sertv.gob.pa\/nacionalfm\/wp-json\/wp\/v2\/types\/post"}],"author":[{"embeddable":true,"href":"https:\/\/sertv.gob.pa\/nacionalfm\/wp-json\/wp\/v2\/users\/1"}],"replies":[{"embeddable":true,"href":"https:\/\/sertv.gob.pa\/nacionalfm\/wp-json\/wp\/v2\/comments?post=30908"}],"version-history":[{"count":0,"href":"https:\/\/sertv.gob.pa\/nacionalfm\/wp-json\/wp\/v2\/posts\/30908\/revisions"}],"wp:featuredmedia":[{"embeddable":true,"href":"https:\/\/sertv.gob.pa\/nacionalfm\/wp-json\/wp\/v2\/media\/30909"}],"wp:attachment":[{"href":"https:\/\/sertv.gob.pa\/nacionalfm\/wp-json\/wp\/v2\/media?parent=30908"}],"wp:term":[{"taxonomy":"category","embeddable":true,"href":"https:\/\/sertv.gob.pa\/nacionalfm\/wp-json\/wp\/v2\/categories?post=30908"},{"taxonomy":"post_tag","embeddable":true,"href":"https:\/\/sertv.gob.pa\/nacionalfm\/wp-json\/wp\/v2\/tags?post=30908"}],"curies":[{"name":"wp","href":"https:\/\/api.w.org\/{rel}","templated":true}]}}