{"id":30910,"date":"2018-09-25T19:04:35","date_gmt":"2018-09-25T19:04:35","guid":{"rendered":""},"modified":"2018-09-25T19:04:35","modified_gmt":"2018-09-25T19:04:35","slug":"comunicado-oficial-del-mire-de-panama","status":"publish","type":"post","link":"https:\/\/sertv.gob.pa\/nacionalfm\/comunicado-oficial-del-mire-de-panama\/","title":{"rendered":"Comunicado Oficial del MIRE de Panam\u00e1"},"content":{"rendered":"<p>\n  Las autoridades del Ministerio de Relaciones Exteriores de Panam\u00e1, emitieron el siguiente Comunicado:   <\/p>\n<p>\u00a0 <\/p>\n<p>Sobre las operaciones de la nave de bandera paname\u00f1a &ldquo;AQUARIUS 2&rdquo;, registrada el pasado 21 de agosto de 2018 bajo &ldquo;registro especial de fletamiento&rdquo;, el Estado paname\u00f1o est\u00e1 dando seguimiento al mismo, teniendo en cuenta sus implicaciones humanitarias, legales y t\u00e9cnicas, reconociendo que es obligaci\u00f3n de los barcos de bandera paname\u00f1a el prestar auxilio a toda persona que se encuentre en peligro de desaparecer en el mar, en estricto cumplimiento a la Convenci\u00f3n sobre el Derecho del Mar, de la cual la Rep\u00fablica de Panam\u00e1 es signataria. <\/p>\n<p>As\u00ed como el Estado paname\u00f1o siempre velar\u00e1 por la protecci\u00f3n de todo ser humano cuya vida o libertad peligre, y por ello act\u00faa en estricto cumplimiento a sus obligaciones adquiridas en el derecho internacional, tambi\u00e9n es respetuoso de la legislaci\u00f3n migratoria de otros Estados y sus procedimientos, as\u00ed como de las zonas de b\u00fasqueda y salvamento delimitadas de las cuales son responsables los pa\u00edses contiguos al mar mediterr\u00e1neo. <\/p>\n<p>Por lo anterior, se informa que las autoridades mar\u00edtimas paname\u00f1as no designaron a la nave &ldquo;AQUARIUS 2&rdquo; como unidad de salvamento del Estado paname\u00f1o, ni tiene competencia para delegar o autorizar que una embarcaci\u00f3n privada, de manera repetitiva o usual, se dedique a las actividades de b\u00fasqueda y salvamento, que compete coordinar a otros Estados, de acuerdo al Convenio internacional sobre b\u00fasqueda y salvamento mar\u00edtimos (SAR).\u00a0 Por ello, de acuerdo a la Ley No. 57 de 6 de agosto de 2008, constituye causal de cancelaci\u00f3n de oficio del registro de las naves &ldquo;la ejecuci\u00f3n de actos que afecten los intereses nacionales&rdquo;, facultando a la Direcci\u00f3n General de Marina Mercante de la Autoridad Mar\u00edtima de Panam\u00e1 a proceder en consecuencia. <\/p>\n<p>En consecuencia de lo anterior, y siendo un pa\u00eds que promueve la migraci\u00f3n, segura, ordenada y regular, reconocemos y protegemos los derechos humanos de los migrantes y en particular el derecho a la vida, sin el cual los dem\u00e1s derechos humanos pierden relevancia, por lo cual el Estado paname\u00f1o har\u00e1 las gestiones diplom\u00e1ticas necesarias para que los migrantes que actualmente se encuentran a bordo de la nave &ldquo;AQUARIUS 2&rdquo;, alcancen un puerto seguro donde su vida e integridad no corran peligro, antes que se concluya el proceso de cancelaci\u00f3n de registro iniciado por la Autoridad Mar\u00edtima de Panam\u00e1. <\/p>\n","protected":false},"excerpt":{"rendered":"<p>Las autoridades del Ministerio de Relaciones Exteriores de Panam\u00e1, emitieron <a href=\"https:\/\/sertv.gob.pa\/nacionalfm\/comunicado-oficial-del-mire-de-panama\/\"> [&#8230;]<\/a><\/p>\n","protected":false},"author":1,"featured_media":30911,"comment_status":"closed","ping_status":"closed","sticky":false,"template":"","format":"standard","meta":{"footnotes":""},"categories":[2],"tags":[],"class_list":["post-30910","post","type-post","status-publish","format-standard","has-post-thumbnail","hentry","category-nacionales"],"_links":{"self":[{"href":"https:\/\/sertv.gob.pa\/nacionalfm\/wp-json\/wp\/v2\/posts\/30910","targetHints":{"allow":["GET"]}}],"collection":[{"href":"https:\/\/sertv.gob.pa\/nacionalfm\/wp-json\/wp\/v2\/posts"}],"about":[{"href":"https:\/\/sertv.gob.pa\/nacionalfm\/wp-json\/wp\/v2\/types\/post"}],"author":[{"embeddable":true,"href":"https:\/\/sertv.gob.pa\/nacionalfm\/wp-json\/wp\/v2\/users\/1"}],"replies":[{"embeddable":true,"href":"https:\/\/sertv.gob.pa\/nacionalfm\/wp-json\/wp\/v2\/comments?post=30910"}],"version-history":[{"count":0,"href":"https:\/\/sertv.gob.pa\/nacionalfm\/wp-json\/wp\/v2\/posts\/30910\/revisions"}],"wp:featuredmedia":[{"embeddable":true,"href":"https:\/\/sertv.gob.pa\/nacionalfm\/wp-json\/wp\/v2\/media\/30911"}],"wp:attachment":[{"href":"https:\/\/sertv.gob.pa\/nacionalfm\/wp-json\/wp\/v2\/media?parent=30910"}],"wp:term":[{"taxonomy":"category","embeddable":true,"href":"https:\/\/sertv.gob.pa\/nacionalfm\/wp-json\/wp\/v2\/categories?post=30910"},{"taxonomy":"post_tag","embeddable":true,"href":"https:\/\/sertv.gob.pa\/nacionalfm\/wp-json\/wp\/v2\/tags?post=30910"}],"curies":[{"name":"wp","href":"https:\/\/api.w.org\/{rel}","templated":true}]}}