{"id":30912,"date":"2018-09-25T19:21:03","date_gmt":"2018-09-25T19:21:03","guid":{"rendered":""},"modified":"2018-09-25T19:21:03","modified_gmt":"2018-09-25T19:21:03","slug":"mitradel-y-sume-9-1-1-efectuan-reclutamiento-focalizado","status":"publish","type":"post","link":"https:\/\/sertv.gob.pa\/nacionalfm\/mitradel-y-sume-9-1-1-efectuan-reclutamiento-focalizado\/","title":{"rendered":"MITRADEL y SUME 9-1-1- efect\u00faan reclutamiento focalizado"},"content":{"rendered":"<p>\nRepresentantes del Ministerio de Trabajo y Desarrollo Laboral (MITRADEL) de Panam\u00e1, llevaron a cabo recientemente, un reclutamiento focalizado en conjunto con el Sistema \u00danico de Manejo de Emergencias SUME 9-1-1- con la finalidad de ingresar al recurso humano de la empresa, a m\u00e1s de 50 personas para la plaza de receptor de llamadas de emergencias. <\/p>\n<p>&ldquo;Confiamos en la intermediaci\u00f3n efectiva del MITRADEL, para la contrataci\u00f3n\u00a0 de personal capacitado con destrezas y conocimientos que contribuyan a una inserci\u00f3n laboral efectiva&rdquo;, pronunci\u00f3\u00a0 Bertina Bravo, Jefa de la Oficina de Recursos Humanos de SUME- 911. <\/p>\n<p>Bravo agreg\u00f3, que la empresa necesita reforzar personal debido al cambio de su plataforma tecnol\u00f3gica, adem\u00e1s de ampliar la base de datos de personal capacitado para la pr\u00f3xima Jornada Mundial de la Juventud (JMJ), a efectuarse del 22 al 27 de enero de 2019. <\/p>\n<p>El Sistema \u00danico de Manejo de Emergencias de la Rep\u00fablica de Panam\u00e1, tiene como responsabilidad la planificaci\u00f3n, asistencia, direcci\u00f3n y supervisi\u00f3n de las acciones para la atenci\u00f3n integral y oportuna de las emergencias m\u00e9dicas. El reclutamiento focalizado se desarroll\u00f3 en el auditorio Rosario Oller de Sarasqueta, del MITRADEL, a partir de las 8 de la ma\u00f1ana hasta las 2:00 p.m. <\/p>\n","protected":false},"excerpt":{"rendered":"<p>Representantes del Ministerio de Trabajo y Desarrollo Laboral (MITRADEL) de <a href=\"https:\/\/sertv.gob.pa\/nacionalfm\/mitradel-y-sume-9-1-1-efectuan-reclutamiento-focalizado\/\"> [&#8230;]<\/a><\/p>\n","protected":false},"author":1,"featured_media":30913,"comment_status":"closed","ping_status":"closed","sticky":false,"template":"","format":"standard","meta":{"footnotes":""},"categories":[2],"tags":[],"class_list":["post-30912","post","type-post","status-publish","format-standard","has-post-thumbnail","hentry","category-nacionales"],"_links":{"self":[{"href":"https:\/\/sertv.gob.pa\/nacionalfm\/wp-json\/wp\/v2\/posts\/30912","targetHints":{"allow":["GET"]}}],"collection":[{"href":"https:\/\/sertv.gob.pa\/nacionalfm\/wp-json\/wp\/v2\/posts"}],"about":[{"href":"https:\/\/sertv.gob.pa\/nacionalfm\/wp-json\/wp\/v2\/types\/post"}],"author":[{"embeddable":true,"href":"https:\/\/sertv.gob.pa\/nacionalfm\/wp-json\/wp\/v2\/users\/1"}],"replies":[{"embeddable":true,"href":"https:\/\/sertv.gob.pa\/nacionalfm\/wp-json\/wp\/v2\/comments?post=30912"}],"version-history":[{"count":0,"href":"https:\/\/sertv.gob.pa\/nacionalfm\/wp-json\/wp\/v2\/posts\/30912\/revisions"}],"wp:featuredmedia":[{"embeddable":true,"href":"https:\/\/sertv.gob.pa\/nacionalfm\/wp-json\/wp\/v2\/media\/30913"}],"wp:attachment":[{"href":"https:\/\/sertv.gob.pa\/nacionalfm\/wp-json\/wp\/v2\/media?parent=30912"}],"wp:term":[{"taxonomy":"category","embeddable":true,"href":"https:\/\/sertv.gob.pa\/nacionalfm\/wp-json\/wp\/v2\/categories?post=30912"},{"taxonomy":"post_tag","embeddable":true,"href":"https:\/\/sertv.gob.pa\/nacionalfm\/wp-json\/wp\/v2\/tags?post=30912"}],"curies":[{"name":"wp","href":"https:\/\/api.w.org\/{rel}","templated":true}]}}