{"id":30914,"date":"2018-09-25T19:37:59","date_gmt":"2018-09-25T19:37:59","guid":{"rendered":""},"modified":"2018-09-25T19:37:59","modified_gmt":"2018-09-25T19:37:59","slug":"organismos-de-acreditacion-y-evaluacion-regionales-se-preparan-en-panama","status":"publish","type":"post","link":"https:\/\/sertv.gob.pa\/nacionalfm\/organismos-de-acreditacion-y-evaluacion-regionales-se-preparan-en-panama\/","title":{"rendered":"Organismos de acreditaci\u00f3n y evaluaci\u00f3n regionales se preparan en Panam\u00e1"},"content":{"rendered":"<p>\nA partir del lunes, 24 de septiembre, y por los pr\u00f3ximos tres d\u00edas, personal clave de las entidades de acreditaci\u00f3n de la regi\u00f3n de Centroam\u00e9rica, participar\u00e1n en ciudad de Panam\u00e1, de una capacitaci\u00f3n especial para la actualizaci\u00f3n y formaci\u00f3n de entidades de acreditaci\u00f3n y evaluaci\u00f3n en la norma ISO\/IEC 17011:2017, seg\u00fan dio a conocer, la jefa de la Unidad T\u00e9cnica de Acreditaci\u00f3n del MICI, Cecibel Torres. <\/p>\n<p>\u00a0 <\/p>\n<p>La norma ISO\/IEC 17011:2017, es la que define los requisitos para la competencia, operaci\u00f3n coherente e imparcialidad y dem\u00e1s requisitos generales para las entidades que efect\u00faan la acreditaci\u00f3n de organismos de evaluaci\u00f3n de la conformidad.\u00a0 La misma, fue modificada a mediados del a\u00f1o pasado, por lo que el taller de capacitaci\u00f3n es para apoyar a los Organismos en este proceso de implementaci\u00f3n&rdquo;, aclar\u00f3 la tambi\u00e9n integrante del Consejo Nacional de Acreditaci\u00f3n. Torres, detall\u00f3, que en la nueva versi\u00f3n de la norma, se introduce el concepto de riesgo, la necesidad de prevenirlo y las oportunidades de mejora de los procesos a partir de su an\u00e1lisis e identificaci\u00f3n.\u00a0 Adem\u00e1s, la nueva ISO\/IEC 17011 hace mayor \u00e9nfasis en las competencias (habilidades y conocimientos) de los evaluadores y del personal del organismo de acreditaci\u00f3n, desde la revisi\u00f3n de documentos hasta el proceso de decisiones de acreditaci\u00f3n. <\/p>\n<p>\u00a0 <\/p>\n<p>Este taller, cuenta con el respaldo de la Comisi\u00f3n Panamericana de Normas T\u00e9cnicas (COPANT), la Cooperaci\u00f3n Inter Americana de Acreditaci\u00f3n (IAAC), el Sistema Interamericano de Metrolog\u00eda (SIM), la Organizaci\u00f3n de Estados Americanos (OEA) y el Physikalisch-Technische Bundesanstalt o PTB que es el Instituto Nacional de Metrolog\u00eda de la Rep\u00fablica Federal de Alemania. <\/p>\n<p>\u00a0 <\/p>\n<p>La capacitaci\u00f3n, se enmarca en el proyecto regional &ldquo;Infraestructura de la Calidad para Energ\u00edas Renovables y Eficiencia Energ\u00e9tica en Am\u00e9rica Latina y el Caribe&rdquo;, que tienen como meta, fortalecer las capacidades de las organizaciones regionales de la infraestructura de la calidad (SIM, COPANT, e IAAC) y la de sus miembros nacionales, a fin de ofrecer servicios en el \u00e1rea de eficiencia energ\u00e9tica y energ\u00edas renovables, as\u00ed como promover la coordinaci\u00f3n entre las instituciones con el objetivo \u00a0de apoyar la implementaci\u00f3n nacional y regional de pol\u00edticas de energ\u00eda. <\/p>\n","protected":false},"excerpt":{"rendered":"<p>A partir del lunes, 24 de septiembre, y por los <a href=\"https:\/\/sertv.gob.pa\/nacionalfm\/organismos-de-acreditacion-y-evaluacion-regionales-se-preparan-en-panama\/\"> [&#8230;]<\/a><\/p>\n","protected":false},"author":1,"featured_media":30915,"comment_status":"closed","ping_status":"closed","sticky":false,"template":"","format":"standard","meta":{"footnotes":""},"categories":[2],"tags":[],"class_list":["post-30914","post","type-post","status-publish","format-standard","has-post-thumbnail","hentry","category-nacionales"],"_links":{"self":[{"href":"https:\/\/sertv.gob.pa\/nacionalfm\/wp-json\/wp\/v2\/posts\/30914","targetHints":{"allow":["GET"]}}],"collection":[{"href":"https:\/\/sertv.gob.pa\/nacionalfm\/wp-json\/wp\/v2\/posts"}],"about":[{"href":"https:\/\/sertv.gob.pa\/nacionalfm\/wp-json\/wp\/v2\/types\/post"}],"author":[{"embeddable":true,"href":"https:\/\/sertv.gob.pa\/nacionalfm\/wp-json\/wp\/v2\/users\/1"}],"replies":[{"embeddable":true,"href":"https:\/\/sertv.gob.pa\/nacionalfm\/wp-json\/wp\/v2\/comments?post=30914"}],"version-history":[{"count":0,"href":"https:\/\/sertv.gob.pa\/nacionalfm\/wp-json\/wp\/v2\/posts\/30914\/revisions"}],"wp:featuredmedia":[{"embeddable":true,"href":"https:\/\/sertv.gob.pa\/nacionalfm\/wp-json\/wp\/v2\/media\/30915"}],"wp:attachment":[{"href":"https:\/\/sertv.gob.pa\/nacionalfm\/wp-json\/wp\/v2\/media?parent=30914"}],"wp:term":[{"taxonomy":"category","embeddable":true,"href":"https:\/\/sertv.gob.pa\/nacionalfm\/wp-json\/wp\/v2\/categories?post=30914"},{"taxonomy":"post_tag","embeddable":true,"href":"https:\/\/sertv.gob.pa\/nacionalfm\/wp-json\/wp\/v2\/tags?post=30914"}],"curies":[{"name":"wp","href":"https:\/\/api.w.org\/{rel}","templated":true}]}}