{"id":30916,"date":"2018-09-25T20:30:53","date_gmt":"2018-09-25T20:30:53","guid":{"rendered":""},"modified":"2018-09-25T20:30:53","modified_gmt":"2018-09-25T20:30:53","slug":"facultad-de-economia-de-la-up-planea-instalacion-de-aula-virtual","status":"publish","type":"post","link":"https:\/\/sertv.gob.pa\/nacionalfm\/facultad-de-economia-de-la-up-planea-instalacion-de-aula-virtual\/","title":{"rendered":"Facultad de Econom\u00eda de la UP, planea instalaci\u00f3n de \u201caula virtual\u201d"},"content":{"rendered":"<p>\nLa Facultad de Econom\u00eda de la Universidad de Panam\u00e1, se ver\u00e1 beneficiada, con la instalaci\u00f3n de un   &ldquo;aula virtual&rdquo;,   lugar que permitir\u00e1 a sus estudiantes, que se preparen de mejor forma, aprovechando los adelantos tecnol\u00f3gicos que se observan a nivel mundial, y que har\u00e1 posible que a trav\u00e9s de la misma, desarrollen sus tareas de modo m\u00e1s r\u00e1pido. \u00a0 <\/p>\n<p>Esta   &ldquo;aula virtual&rdquo;,   estar\u00e1 situada en el Centro de Investigaciones de esta facultad, y en ella se podr\u00e1 contar con una plataforma tecnol\u00f3gica que permitir\u00e1 recrear de manera interactiva, el manejo de una bolsa de valores para facilitar el aprendizaje de los estudiantes en el \u00e1rea de Banca y Fianzas. <\/p>\n<p>Acorde a lo estipulado, se espera que el pr\u00f3ximo 28 de septiembre, el decano de la Facultad, Rogelio Valenzuela, viaje hacia la ciudad de Nueva York, en Estados Unidos, a fin de sustentar el intercambio de ideas relacionadas con los directivos de la Empresa Bloomberg LP, que tiene que ver con la instalaci\u00f3n del   &ldquo;aula virtual&rdquo;.   <\/p>\n<p>Bloomberg LP, ser\u00e1 la empresa que tendr\u00e1 a su cargo la instalaci\u00f3n del   &ldquo;aula virtual&rdquo;,   en la Facultad de Econom\u00eda de la Universidad de Panam\u00e1, la que, aparte de brindar facilidades a los estudiantes de esta casa de estudios superiores, ofrecer\u00e1 el servicio a otras organizaciones que deseen ampliar la capacidad de su capital humano. <\/p>\n<p>Cabe mencionar, que en el a\u00f1o de 1981, fue fundada esta empresa en Nueva York, la cual se dedica a ofrecer servicios de informaci\u00f3n financiera. Es considerada un sistema inform\u00e1tico que permite a profesionales del mundo financiero consultar y analizar informaci\u00f3n financiera de los mercados con un apoyo fundamental de la tecnolog\u00eda. <\/p>\n<p>\u00a0 <\/p>\n","protected":false},"excerpt":{"rendered":"<p>La Facultad de Econom\u00eda de la Universidad de Panam\u00e1, se <a href=\"https:\/\/sertv.gob.pa\/nacionalfm\/facultad-de-economia-de-la-up-planea-instalacion-de-aula-virtual\/\"> [&#8230;]<\/a><\/p>\n","protected":false},"author":1,"featured_media":30917,"comment_status":"closed","ping_status":"closed","sticky":false,"template":"","format":"standard","meta":{"footnotes":""},"categories":[2],"tags":[],"class_list":["post-30916","post","type-post","status-publish","format-standard","has-post-thumbnail","hentry","category-nacionales"],"_links":{"self":[{"href":"https:\/\/sertv.gob.pa\/nacionalfm\/wp-json\/wp\/v2\/posts\/30916","targetHints":{"allow":["GET"]}}],"collection":[{"href":"https:\/\/sertv.gob.pa\/nacionalfm\/wp-json\/wp\/v2\/posts"}],"about":[{"href":"https:\/\/sertv.gob.pa\/nacionalfm\/wp-json\/wp\/v2\/types\/post"}],"author":[{"embeddable":true,"href":"https:\/\/sertv.gob.pa\/nacionalfm\/wp-json\/wp\/v2\/users\/1"}],"replies":[{"embeddable":true,"href":"https:\/\/sertv.gob.pa\/nacionalfm\/wp-json\/wp\/v2\/comments?post=30916"}],"version-history":[{"count":0,"href":"https:\/\/sertv.gob.pa\/nacionalfm\/wp-json\/wp\/v2\/posts\/30916\/revisions"}],"wp:featuredmedia":[{"embeddable":true,"href":"https:\/\/sertv.gob.pa\/nacionalfm\/wp-json\/wp\/v2\/media\/30917"}],"wp:attachment":[{"href":"https:\/\/sertv.gob.pa\/nacionalfm\/wp-json\/wp\/v2\/media?parent=30916"}],"wp:term":[{"taxonomy":"category","embeddable":true,"href":"https:\/\/sertv.gob.pa\/nacionalfm\/wp-json\/wp\/v2\/categories?post=30916"},{"taxonomy":"post_tag","embeddable":true,"href":"https:\/\/sertv.gob.pa\/nacionalfm\/wp-json\/wp\/v2\/tags?post=30916"}],"curies":[{"name":"wp","href":"https:\/\/api.w.org\/{rel}","templated":true}]}}