{"id":30918,"date":"2018-09-26T10:36:02","date_gmt":"2018-09-26T10:36:02","guid":{"rendered":""},"modified":"2018-09-26T10:36:02","modified_gmt":"2018-09-26T10:36:02","slug":"la-depresion-una-epidemia-silenciosa","status":"publish","type":"post","link":"https:\/\/sertv.gob.pa\/nacionalfm\/la-depresion-una-epidemia-silenciosa\/","title":{"rendered":"La depresi\u00f3n, una epidemia silenciosa"},"content":{"rendered":"<p>\nPortugal ha logrado superar la crisis econ\u00f3mica, reducir su desempleo y modernizarse, pero el llamado &lsquo;milagro portugu\u00e9s&#8217; no ha conseguido atajar una enfermedad que carga como una losa: la depresi\u00f3n, una &lsquo;epidemia silenciosa&#8217; que cada a\u00f1o se cobra un millar de vidas. &lsquo;La depresi\u00f3n en Portugal tiene caracter\u00edsticas epid\u00e9micas, es una epidemia silenciosa&#8217;, reconoce en una entrevista con Efe el ministro portugu\u00e9s de Salud, Adalberto Campos Fernandes. &lsquo;Tenemos mucho trabajo por delante&#8217;, admite Campos, que ejerc\u00eda como m\u00e9dico antes de ocupar la cartera de Salud en el Gobierno del socialista Ant\u00f3nio Costa. <\/p>\n<p>Quiz\u00e1 por ello, el ministro prefiere no especular sobre las ra\u00edces de un problema que, apunta, &lsquo;es diferente de un punto a otro del pa\u00eds&#8217;. En la regi\u00f3n del Alentejo, donde tradicionalmente se ha registrado el mayor \u00edndice de suicidios del pa\u00eds, la enfermedad se relaciona con el aislamiento, la pobreza, el envejecimiento y con aspectos de naturaleza familiar. Las estad\u00edsticas revelan que las zonas rurales son las m\u00e1s castigadas, y los j\u00f3venes y los mayores de 65 a\u00f1os, los m\u00e1s proclives a quitarse la vida. <\/p>\n<p>EFE <\/p>\n","protected":false},"excerpt":{"rendered":"<p>Portugal ha logrado superar la crisis econ\u00f3mica, reducir su desempleo <a href=\"https:\/\/sertv.gob.pa\/nacionalfm\/la-depresion-una-epidemia-silenciosa\/\"> [&#8230;]<\/a><\/p>\n","protected":false},"author":1,"featured_media":30919,"comment_status":"closed","ping_status":"closed","sticky":false,"template":"","format":"standard","meta":{"footnotes":""},"categories":[5],"tags":[],"class_list":["post-30918","post","type-post","status-publish","format-standard","has-post-thumbnail","hentry","category-salud"],"_links":{"self":[{"href":"https:\/\/sertv.gob.pa\/nacionalfm\/wp-json\/wp\/v2\/posts\/30918","targetHints":{"allow":["GET"]}}],"collection":[{"href":"https:\/\/sertv.gob.pa\/nacionalfm\/wp-json\/wp\/v2\/posts"}],"about":[{"href":"https:\/\/sertv.gob.pa\/nacionalfm\/wp-json\/wp\/v2\/types\/post"}],"author":[{"embeddable":true,"href":"https:\/\/sertv.gob.pa\/nacionalfm\/wp-json\/wp\/v2\/users\/1"}],"replies":[{"embeddable":true,"href":"https:\/\/sertv.gob.pa\/nacionalfm\/wp-json\/wp\/v2\/comments?post=30918"}],"version-history":[{"count":0,"href":"https:\/\/sertv.gob.pa\/nacionalfm\/wp-json\/wp\/v2\/posts\/30918\/revisions"}],"wp:featuredmedia":[{"embeddable":true,"href":"https:\/\/sertv.gob.pa\/nacionalfm\/wp-json\/wp\/v2\/media\/30919"}],"wp:attachment":[{"href":"https:\/\/sertv.gob.pa\/nacionalfm\/wp-json\/wp\/v2\/media?parent=30918"}],"wp:term":[{"taxonomy":"category","embeddable":true,"href":"https:\/\/sertv.gob.pa\/nacionalfm\/wp-json\/wp\/v2\/categories?post=30918"},{"taxonomy":"post_tag","embeddable":true,"href":"https:\/\/sertv.gob.pa\/nacionalfm\/wp-json\/wp\/v2\/tags?post=30918"}],"curies":[{"name":"wp","href":"https:\/\/api.w.org\/{rel}","templated":true}]}}