{"id":30920,"date":"2018-09-26T11:06:48","date_gmt":"2018-09-26T11:06:48","guid":{"rendered":""},"modified":"2018-09-26T11:06:48","modified_gmt":"2018-09-26T11:06:48","slug":"diez-minutos-de-ejercicios-fisicos-ayudan-a-la-memoria","status":"publish","type":"post","link":"https:\/\/sertv.gob.pa\/nacionalfm\/diez-minutos-de-ejercicios-fisicos-ayudan-a-la-memoria\/","title":{"rendered":"Diez minutos de ejercicios f\u00edsicos ayudan a la memoria"},"content":{"rendered":"<p>\nUna moderada cantidad de ejercicio f\u00edsico mejora inmediatamente la memoria, no solo en mayores sino tambi\u00e9n de la gente joven pues ayuda a la conectividad entre las \u00e1reas del cerebro que ejercen esta funci\u00f3n, seg\u00fan estudio dado a conocer por la Universidad de California Irvine (UCI). El reporte significa una afirmaci\u00f3n clave para la prevenci\u00f3n de enfermedades mentales y seniles al asegurar que diez minutos \u00abde esfuerzo leve\u00bb puede conducir a \u00abconsiderables beneficios cognitivos\u00bb. <\/p>\n<p>\u00abEl hipocampo es clave para la creaci\u00f3n de nuevos recuerdos, y es una de las primeras regiones del cerebro que se deteriora cuando nos volvemos mayores y mucho m\u00e1s severamente en la enfermedad de Alzheimer\u00bb, se\u00f1al\u00f3 Michael Yassa, profesor de UCI y uno de los l\u00edderes de la investigaci\u00f3n. \u00abMejorar la funci\u00f3n del hipocampo es muy prometedor para mejorar la memoria en situaciones cotidianas\u00bb, agreg\u00f3 Yassa. Para la investigaci\u00f3n, elaborada conjuntamente con la Universidad de Tsukuba, de Jap\u00f3n, y publicada hoy en la revista cient\u00edfica Proceedings, de la Academia Nacional de Ciencias, los analistas utilizaron im\u00e1genes de resonancia magn\u00e9tica de alta resoluci\u00f3n. <\/p>\n<p>EFE <\/p>\n<p>\u00a0 <\/p>\n","protected":false},"excerpt":{"rendered":"<p>Una moderada cantidad de ejercicio f\u00edsico mejora inmediatamente la memoria, <a href=\"https:\/\/sertv.gob.pa\/nacionalfm\/diez-minutos-de-ejercicios-fisicos-ayudan-a-la-memoria\/\"> [&#8230;]<\/a><\/p>\n","protected":false},"author":1,"featured_media":30921,"comment_status":"closed","ping_status":"closed","sticky":false,"template":"","format":"standard","meta":{"footnotes":""},"categories":[5],"tags":[],"class_list":["post-30920","post","type-post","status-publish","format-standard","has-post-thumbnail","hentry","category-salud"],"_links":{"self":[{"href":"https:\/\/sertv.gob.pa\/nacionalfm\/wp-json\/wp\/v2\/posts\/30920","targetHints":{"allow":["GET"]}}],"collection":[{"href":"https:\/\/sertv.gob.pa\/nacionalfm\/wp-json\/wp\/v2\/posts"}],"about":[{"href":"https:\/\/sertv.gob.pa\/nacionalfm\/wp-json\/wp\/v2\/types\/post"}],"author":[{"embeddable":true,"href":"https:\/\/sertv.gob.pa\/nacionalfm\/wp-json\/wp\/v2\/users\/1"}],"replies":[{"embeddable":true,"href":"https:\/\/sertv.gob.pa\/nacionalfm\/wp-json\/wp\/v2\/comments?post=30920"}],"version-history":[{"count":0,"href":"https:\/\/sertv.gob.pa\/nacionalfm\/wp-json\/wp\/v2\/posts\/30920\/revisions"}],"wp:featuredmedia":[{"embeddable":true,"href":"https:\/\/sertv.gob.pa\/nacionalfm\/wp-json\/wp\/v2\/media\/30921"}],"wp:attachment":[{"href":"https:\/\/sertv.gob.pa\/nacionalfm\/wp-json\/wp\/v2\/media?parent=30920"}],"wp:term":[{"taxonomy":"category","embeddable":true,"href":"https:\/\/sertv.gob.pa\/nacionalfm\/wp-json\/wp\/v2\/categories?post=30920"},{"taxonomy":"post_tag","embeddable":true,"href":"https:\/\/sertv.gob.pa\/nacionalfm\/wp-json\/wp\/v2\/tags?post=30920"}],"curies":[{"name":"wp","href":"https:\/\/api.w.org\/{rel}","templated":true}]}}