{"id":30922,"date":"2018-09-26T13:57:09","date_gmt":"2018-09-26T13:57:09","guid":{"rendered":""},"modified":"2018-09-26T13:57:09","modified_gmt":"2018-09-26T13:57:09","slug":"presidente-varela-sostiene-encuentro-bilateral-con-presidenta-de-croacia","status":"publish","type":"post","link":"https:\/\/sertv.gob.pa\/nacionalfm\/presidente-varela-sostiene-encuentro-bilateral-con-presidenta-de-croacia\/","title":{"rendered":"Presidente Varela sostiene encuentro bilateral con Presidenta de Croacia"},"content":{"rendered":"<p>\nParalelo a su intervenci\u00f3n en la sesi\u00f3n 73 de la Asamblea General de la Organizaci\u00f3n de las Naciones Unidas (ONU), el Presidente de la Rep\u00fablica de Panam\u00e1, Juan Carlos Varela, acompa\u00f1ado por la Vicepresidenta y Canciller, Isabel De Saint Malo de Alvarado, mantuvieron encuentros bilaterales con l\u00edderes de Croacia, Cuba, Jap\u00f3n, Marruecos y China. <\/p>\n<p>En el marco de la reuni\u00f3n bilateral con la Presidenta de Croacia, Kolinda Grabar-Kitarovic, ambos mandatarios fueron testigos de honor de la firma del Mecanismo de Consultas Pol\u00edticas entre la Rep\u00fablica de Panam\u00e1 y la Rep\u00fablica de Croacia, suscrito por las Ministras de Relaciones Exteriores Isabel De Saint Malo de Alvarado y Marija Pej\u010dinov Buri\u0107, respectivamente.\u00a0 <\/p>\n<p>Cabe resaltar, que \u00e9ste documento, constituye el marco jur\u00eddico para profundizar y diversificar la agenda bilateral, y entablar un di\u00e1logo pol\u00edtico fluido. Los mandatarios incidieron en las oportunidades de incentivar el intercambio comercial y tur\u00edstico, entablando alianzas de cooperaci\u00f3n. <\/p>\n","protected":false},"excerpt":{"rendered":"<p>Paralelo a su intervenci\u00f3n en la sesi\u00f3n 73 de la <a href=\"https:\/\/sertv.gob.pa\/nacionalfm\/presidente-varela-sostiene-encuentro-bilateral-con-presidenta-de-croacia\/\"> [&#8230;]<\/a><\/p>\n","protected":false},"author":1,"featured_media":30923,"comment_status":"closed","ping_status":"closed","sticky":false,"template":"","format":"standard","meta":{"footnotes":""},"categories":[2],"tags":[],"class_list":["post-30922","post","type-post","status-publish","format-standard","has-post-thumbnail","hentry","category-nacionales"],"_links":{"self":[{"href":"https:\/\/sertv.gob.pa\/nacionalfm\/wp-json\/wp\/v2\/posts\/30922","targetHints":{"allow":["GET"]}}],"collection":[{"href":"https:\/\/sertv.gob.pa\/nacionalfm\/wp-json\/wp\/v2\/posts"}],"about":[{"href":"https:\/\/sertv.gob.pa\/nacionalfm\/wp-json\/wp\/v2\/types\/post"}],"author":[{"embeddable":true,"href":"https:\/\/sertv.gob.pa\/nacionalfm\/wp-json\/wp\/v2\/users\/1"}],"replies":[{"embeddable":true,"href":"https:\/\/sertv.gob.pa\/nacionalfm\/wp-json\/wp\/v2\/comments?post=30922"}],"version-history":[{"count":0,"href":"https:\/\/sertv.gob.pa\/nacionalfm\/wp-json\/wp\/v2\/posts\/30922\/revisions"}],"wp:featuredmedia":[{"embeddable":true,"href":"https:\/\/sertv.gob.pa\/nacionalfm\/wp-json\/wp\/v2\/media\/30923"}],"wp:attachment":[{"href":"https:\/\/sertv.gob.pa\/nacionalfm\/wp-json\/wp\/v2\/media?parent=30922"}],"wp:term":[{"taxonomy":"category","embeddable":true,"href":"https:\/\/sertv.gob.pa\/nacionalfm\/wp-json\/wp\/v2\/categories?post=30922"},{"taxonomy":"post_tag","embeddable":true,"href":"https:\/\/sertv.gob.pa\/nacionalfm\/wp-json\/wp\/v2\/tags?post=30922"}],"curies":[{"name":"wp","href":"https:\/\/api.w.org\/{rel}","templated":true}]}}