{"id":30924,"date":"2018-09-26T14:29:11","date_gmt":"2018-09-26T14:29:11","guid":{"rendered":""},"modified":"2018-09-26T14:29:11","modified_gmt":"2018-09-26T14:29:11","slug":"panama-y-cuba-coinciden-sobre-el-valor-de-potenciar-relaciones-comerciales","status":"publish","type":"post","link":"https:\/\/sertv.gob.pa\/nacionalfm\/panama-y-cuba-coinciden-sobre-el-valor-de-potenciar-relaciones-comerciales\/","title":{"rendered":"Panam\u00e1 y Cuba coinciden sobre el valor de potenciar relaciones comerciales"},"content":{"rendered":"<p>\nDurante su visita para participar de la 73\u00aa Asamblea General de la ONU, el Presidente de la Rep\u00fablica de Panam\u00e1, Juan Carlos Varela, realiz\u00f3 un encuentro con su hom\u00f3logo de Cuba, Miguel D\u00edaz-Canel, en la cita, ambos mandatarios coincidieron en la importancia de potenciar las relaciones comerciales, y en este marco, el Presidente Varela, subray\u00f3 la participaci\u00f3n de Panam\u00e1, en la Feria Internacional de la Habana, donde empresas paname\u00f1as buscar\u00e1n entablar alianzas y oportunidades de activar este intercambio comercial con Cuba. <\/p>\n<p>En materia tur\u00edstica, el Presidente Varela, comparti\u00f3 con su par sobre la estrategia de destinos conjuntos que ha emprendido Panam\u00e1 con pa\u00edses de la regi\u00f3n, por medio de la cual brindan a los turistas de pa\u00edses como China, la posibilidad de efectuar viajes multidestino a Panam\u00e1, Cuba \u00a0y otros pa\u00edses de la regi\u00f3n. <\/p>\n","protected":false},"excerpt":{"rendered":"<p>Durante su visita para participar de la 73\u00aa Asamblea General <a href=\"https:\/\/sertv.gob.pa\/nacionalfm\/panama-y-cuba-coinciden-sobre-el-valor-de-potenciar-relaciones-comerciales\/\"> [&#8230;]<\/a><\/p>\n","protected":false},"author":1,"featured_media":30925,"comment_status":"closed","ping_status":"closed","sticky":false,"template":"","format":"standard","meta":{"footnotes":""},"categories":[2],"tags":[],"class_list":["post-30924","post","type-post","status-publish","format-standard","has-post-thumbnail","hentry","category-nacionales"],"_links":{"self":[{"href":"https:\/\/sertv.gob.pa\/nacionalfm\/wp-json\/wp\/v2\/posts\/30924","targetHints":{"allow":["GET"]}}],"collection":[{"href":"https:\/\/sertv.gob.pa\/nacionalfm\/wp-json\/wp\/v2\/posts"}],"about":[{"href":"https:\/\/sertv.gob.pa\/nacionalfm\/wp-json\/wp\/v2\/types\/post"}],"author":[{"embeddable":true,"href":"https:\/\/sertv.gob.pa\/nacionalfm\/wp-json\/wp\/v2\/users\/1"}],"replies":[{"embeddable":true,"href":"https:\/\/sertv.gob.pa\/nacionalfm\/wp-json\/wp\/v2\/comments?post=30924"}],"version-history":[{"count":0,"href":"https:\/\/sertv.gob.pa\/nacionalfm\/wp-json\/wp\/v2\/posts\/30924\/revisions"}],"wp:featuredmedia":[{"embeddable":true,"href":"https:\/\/sertv.gob.pa\/nacionalfm\/wp-json\/wp\/v2\/media\/30925"}],"wp:attachment":[{"href":"https:\/\/sertv.gob.pa\/nacionalfm\/wp-json\/wp\/v2\/media?parent=30924"}],"wp:term":[{"taxonomy":"category","embeddable":true,"href":"https:\/\/sertv.gob.pa\/nacionalfm\/wp-json\/wp\/v2\/categories?post=30924"},{"taxonomy":"post_tag","embeddable":true,"href":"https:\/\/sertv.gob.pa\/nacionalfm\/wp-json\/wp\/v2\/tags?post=30924"}],"curies":[{"name":"wp","href":"https:\/\/api.w.org\/{rel}","templated":true}]}}