{"id":30926,"date":"2018-09-26T14:53:05","date_gmt":"2018-09-26T14:53:05","guid":{"rendered":""},"modified":"2018-09-26T14:53:05","modified_gmt":"2018-09-26T14:53:05","slug":"presidente-varela-se-reune-con-primer-ministro-de-japon-shinzo-abe","status":"publish","type":"post","link":"https:\/\/sertv.gob.pa\/nacionalfm\/presidente-varela-se-reune-con-primer-ministro-de-japon-shinzo-abe\/","title":{"rendered":"Presidente Varela se re\u00fane con Primer Ministro de Jap\u00f3n, Shinzo Abe"},"content":{"rendered":"<p>\nEl Presidente de la Rep\u00fablica de Panam\u00e1, Juan Carlos Varela, dentro de su agenda de participaci\u00f3n de la Asamblea General de la ONU, tambi\u00e9n sostuvo un encuentro con el Primer Ministro de Jap\u00f3n, Shinzo Abe, el cuarto entre ambos mandatarios. <\/p>\n<p>Esta reuni\u00f3n, ratifica el gran inter\u00e9s que otorga Jap\u00f3n, a su relaci\u00f3n con Panam\u00e1 y la estrecha alianza estrat\u00e9gica que se ha visto potenciada despu\u00e9s de los acuerdos relativos a la L\u00ednea 3 del Metro, para la cual el pa\u00eds asi\u00e1tico ha otorgado el financiamiento por medio de la agencia de cooperaci\u00f3n japonesa, y m\u00e1s recientemente se concret\u00f3 el acuerdo para el equipamiento y la adquisici\u00f3n de vagones de este medio de transporte urbano.\u00a0 <\/p>\n","protected":false},"excerpt":{"rendered":"<p>El Presidente de la Rep\u00fablica de Panam\u00e1, Juan Carlos Varela, <a href=\"https:\/\/sertv.gob.pa\/nacionalfm\/presidente-varela-se-reune-con-primer-ministro-de-japon-shinzo-abe\/\"> [&#8230;]<\/a><\/p>\n","protected":false},"author":1,"featured_media":30927,"comment_status":"closed","ping_status":"closed","sticky":false,"template":"","format":"standard","meta":{"footnotes":""},"categories":[2],"tags":[],"class_list":["post-30926","post","type-post","status-publish","format-standard","has-post-thumbnail","hentry","category-nacionales"],"_links":{"self":[{"href":"https:\/\/sertv.gob.pa\/nacionalfm\/wp-json\/wp\/v2\/posts\/30926","targetHints":{"allow":["GET"]}}],"collection":[{"href":"https:\/\/sertv.gob.pa\/nacionalfm\/wp-json\/wp\/v2\/posts"}],"about":[{"href":"https:\/\/sertv.gob.pa\/nacionalfm\/wp-json\/wp\/v2\/types\/post"}],"author":[{"embeddable":true,"href":"https:\/\/sertv.gob.pa\/nacionalfm\/wp-json\/wp\/v2\/users\/1"}],"replies":[{"embeddable":true,"href":"https:\/\/sertv.gob.pa\/nacionalfm\/wp-json\/wp\/v2\/comments?post=30926"}],"version-history":[{"count":0,"href":"https:\/\/sertv.gob.pa\/nacionalfm\/wp-json\/wp\/v2\/posts\/30926\/revisions"}],"wp:featuredmedia":[{"embeddable":true,"href":"https:\/\/sertv.gob.pa\/nacionalfm\/wp-json\/wp\/v2\/media\/30927"}],"wp:attachment":[{"href":"https:\/\/sertv.gob.pa\/nacionalfm\/wp-json\/wp\/v2\/media?parent=30926"}],"wp:term":[{"taxonomy":"category","embeddable":true,"href":"https:\/\/sertv.gob.pa\/nacionalfm\/wp-json\/wp\/v2\/categories?post=30926"},{"taxonomy":"post_tag","embeddable":true,"href":"https:\/\/sertv.gob.pa\/nacionalfm\/wp-json\/wp\/v2\/tags?post=30926"}],"curies":[{"name":"wp","href":"https:\/\/api.w.org\/{rel}","templated":true}]}}