{"id":30928,"date":"2018-09-26T15:07:28","date_gmt":"2018-09-26T15:07:28","guid":{"rendered":""},"modified":"2018-09-26T15:07:28","modified_gmt":"2018-09-26T15:07:28","slug":"panama-y-marruecos-realizaran-pronto-el-mecanismo-de-consultas-politicas","status":"publish","type":"post","link":"https:\/\/sertv.gob.pa\/nacionalfm\/panama-y-marruecos-realizaran-pronto-el-mecanismo-de-consultas-politicas\/","title":{"rendered":"Panam\u00e1 y Marruecos realizar\u00e1n pronto el Mecanismo de Consultas Pol\u00edticas"},"content":{"rendered":"<p>\nDurante el encuentro bilateral entre el Presidente de la Rep\u00fablica de Panam\u00e1, Juan Carlos Varela y el Jefe de Gobierno de Marruecos, Saad-Eddine El Othmani, ambos mandatarios convinieron celebrar pr\u00f3ximamente el Mecanismo de Consultas Pol\u00edticas, a fin de estrechar las relaciones entre ambos pa\u00edses.\u00a0 <\/p>\n<p>Cabe recordar, que Marruecos, forma parte de la Pol\u00edtica Halc\u00f3n, una estrategia de pol\u00edtica internacional que busca fortalecer y elevar el nivel del di\u00e1logo pol\u00edtico, establecer nuevas oportunidades de inversi\u00f3n e intercambio comercial, complementar las plataformas log\u00edsticas y mar\u00edtimas, incrementar el flujo de turistas y entablar alianzas de cooperaci\u00f3n mutua. <\/p>\n","protected":false},"excerpt":{"rendered":"<p>Durante el encuentro bilateral entre el Presidente de la Rep\u00fablica <a href=\"https:\/\/sertv.gob.pa\/nacionalfm\/panama-y-marruecos-realizaran-pronto-el-mecanismo-de-consultas-politicas\/\"> [&#8230;]<\/a><\/p>\n","protected":false},"author":1,"featured_media":30929,"comment_status":"closed","ping_status":"closed","sticky":false,"template":"","format":"standard","meta":{"footnotes":""},"categories":[2],"tags":[],"class_list":["post-30928","post","type-post","status-publish","format-standard","has-post-thumbnail","hentry","category-nacionales"],"_links":{"self":[{"href":"https:\/\/sertv.gob.pa\/nacionalfm\/wp-json\/wp\/v2\/posts\/30928","targetHints":{"allow":["GET"]}}],"collection":[{"href":"https:\/\/sertv.gob.pa\/nacionalfm\/wp-json\/wp\/v2\/posts"}],"about":[{"href":"https:\/\/sertv.gob.pa\/nacionalfm\/wp-json\/wp\/v2\/types\/post"}],"author":[{"embeddable":true,"href":"https:\/\/sertv.gob.pa\/nacionalfm\/wp-json\/wp\/v2\/users\/1"}],"replies":[{"embeddable":true,"href":"https:\/\/sertv.gob.pa\/nacionalfm\/wp-json\/wp\/v2\/comments?post=30928"}],"version-history":[{"count":0,"href":"https:\/\/sertv.gob.pa\/nacionalfm\/wp-json\/wp\/v2\/posts\/30928\/revisions"}],"wp:featuredmedia":[{"embeddable":true,"href":"https:\/\/sertv.gob.pa\/nacionalfm\/wp-json\/wp\/v2\/media\/30929"}],"wp:attachment":[{"href":"https:\/\/sertv.gob.pa\/nacionalfm\/wp-json\/wp\/v2\/media?parent=30928"}],"wp:term":[{"taxonomy":"category","embeddable":true,"href":"https:\/\/sertv.gob.pa\/nacionalfm\/wp-json\/wp\/v2\/categories?post=30928"},{"taxonomy":"post_tag","embeddable":true,"href":"https:\/\/sertv.gob.pa\/nacionalfm\/wp-json\/wp\/v2\/tags?post=30928"}],"curies":[{"name":"wp","href":"https:\/\/api.w.org\/{rel}","templated":true}]}}