{"id":30930,"date":"2018-09-26T15:34:02","date_gmt":"2018-09-26T15:34:02","guid":{"rendered":""},"modified":"2018-09-26T15:34:02","modified_gmt":"2018-09-26T15:34:02","slug":"panama-y-china-comparten-positivo-avance-entre-ambas-naciones","status":"publish","type":"post","link":"https:\/\/sertv.gob.pa\/nacionalfm\/panama-y-china-comparten-positivo-avance-entre-ambas-naciones\/","title":{"rendered":"Panam\u00e1 y China comparten positivo avance entre ambas naciones"},"content":{"rendered":"<p>\nEl Presidente de la Rep\u00fablica de Panam\u00e1, Juan Carlos Varela, en el desarrollo de su agenda como part\u00edcipe de la 73\u00aa Asamblea General de la ONU, sostuvo adem\u00e1s, una reuni\u00f3n con el Canciller chino Wang Yi, donde comparti\u00f3 el positivo avance de la relaci\u00f3n de Panam\u00e1 con China y agradeci\u00f3 la aprobaci\u00f3n de la apertura de Consulados de Panam\u00e1 en Guangzhou y Hong Kong. <\/p>\n<p>El Presidente Varela, particip\u00f3 junto a la Vicepresidenta y Canciller Isabel De Saint Malo de Alvarado, en el debate &ldquo;Migrantes y Refugiados de Venezuela: Hacia una respuesta regional&rdquo;, donde reiter\u00f3 la importancia de una respuesta colectiva de la regi\u00f3n a la situaci\u00f3n migratoria y humanitaria.\u00a0 <\/p>\n<p>Acorde a lo estipulado, el mandatario, intervendr\u00e1 \u00e9ste mi\u00e9rcoles, 26 de septiembre, en la sesi\u00f3n 73 de la Asamblea General de la Organizaci\u00f3n de Naciones Unidas (ONU). <\/p>\n","protected":false},"excerpt":{"rendered":"<p>El Presidente de la Rep\u00fablica de Panam\u00e1, Juan Carlos Varela, <a href=\"https:\/\/sertv.gob.pa\/nacionalfm\/panama-y-china-comparten-positivo-avance-entre-ambas-naciones\/\"> [&#8230;]<\/a><\/p>\n","protected":false},"author":1,"featured_media":30931,"comment_status":"closed","ping_status":"closed","sticky":false,"template":"","format":"standard","meta":{"footnotes":""},"categories":[2],"tags":[],"class_list":["post-30930","post","type-post","status-publish","format-standard","has-post-thumbnail","hentry","category-nacionales"],"_links":{"self":[{"href":"https:\/\/sertv.gob.pa\/nacionalfm\/wp-json\/wp\/v2\/posts\/30930","targetHints":{"allow":["GET"]}}],"collection":[{"href":"https:\/\/sertv.gob.pa\/nacionalfm\/wp-json\/wp\/v2\/posts"}],"about":[{"href":"https:\/\/sertv.gob.pa\/nacionalfm\/wp-json\/wp\/v2\/types\/post"}],"author":[{"embeddable":true,"href":"https:\/\/sertv.gob.pa\/nacionalfm\/wp-json\/wp\/v2\/users\/1"}],"replies":[{"embeddable":true,"href":"https:\/\/sertv.gob.pa\/nacionalfm\/wp-json\/wp\/v2\/comments?post=30930"}],"version-history":[{"count":0,"href":"https:\/\/sertv.gob.pa\/nacionalfm\/wp-json\/wp\/v2\/posts\/30930\/revisions"}],"wp:featuredmedia":[{"embeddable":true,"href":"https:\/\/sertv.gob.pa\/nacionalfm\/wp-json\/wp\/v2\/media\/30931"}],"wp:attachment":[{"href":"https:\/\/sertv.gob.pa\/nacionalfm\/wp-json\/wp\/v2\/media?parent=30930"}],"wp:term":[{"taxonomy":"category","embeddable":true,"href":"https:\/\/sertv.gob.pa\/nacionalfm\/wp-json\/wp\/v2\/categories?post=30930"},{"taxonomy":"post_tag","embeddable":true,"href":"https:\/\/sertv.gob.pa\/nacionalfm\/wp-json\/wp\/v2\/tags?post=30930"}],"curies":[{"name":"wp","href":"https:\/\/api.w.org\/{rel}","templated":true}]}}