{"id":30932,"date":"2018-09-26T15:58:17","date_gmt":"2018-09-26T15:58:17","guid":{"rendered":""},"modified":"2018-09-26T15:58:17","modified_gmt":"2018-09-26T15:58:17","slug":"aprueban-proyecto-de-acuerdo-sobre-la-reduccion-del-plastico-desechable","status":"publish","type":"post","link":"https:\/\/sertv.gob.pa\/nacionalfm\/aprueban-proyecto-de-acuerdo-sobre-la-reduccion-del-plastico-desechable\/","title":{"rendered":"Aprueban proyecto de acuerdo sobre la reducci\u00f3n del pl\u00e1stico desechable"},"content":{"rendered":"<p>\nEl Proyecto de Acuerdo por medio del cual se establecen medidas para la reducci\u00f3n de pl\u00e1sticos desechables y se dictan otras disposiciones fue aprobado por el Concejo Municipal con 16 votos a favor el martes, 25 de septiembre. El proyecto pretende sustituir estos pl\u00e1sticos\u00a0por alternativas biodegradables, compostables o reutilizables, con miras a originar cambios a fin de reducir los impactos y costos de remediaci\u00f3n que generan los pl\u00e1sticos desechables sobre el ambiente. <\/p>\n<p>El Proyecto de Acuerdo, examina las atribuciones pol\u00edtico administrativas del Consejo Municipal, en lo referente a las competencias municipales sobre el territorio municipal, el deber de todos los ciudadanos de prevenir\u00a0la contaminaci\u00f3n del ambiente, mantener el equilibrio ecol\u00f3gico y evitar la destrucci\u00f3n de los ecosistemas, y el incremento desmedido en la utilizaci\u00f3n de todo tipo de pl\u00e1sticos desechables, los cuales generan graves impactos al ambiente y la salud, por lo cual es preciso desincentivar su uso, y promover el uso de materiales reutilizables. <\/p>\n<p>Igualmente, reconoce el Acuerdo 124 del 2015, la\u00a0Ley 6 del 6 de febrero de 2018 y la Ley 33 de 2018, que establecen criterios para la gesti\u00f3n integral de los desechos s\u00f3lidos, el Programa de Basura Cero y la promoci\u00f3n del uso de la regla de las 3R, acciones para reducir la contaminaci\u00f3n por pl\u00e1sticos desechables. Por consiguiente, acuerda\u00a0establecer, en todas las instalaciones o actividades que desarrolla el Municipio de Panam\u00e1, como tambi\u00e9n a los establecimientos comerciales, eventos de car\u00e1cter p\u00fablico realizados por particulares sean personas jur\u00eddicas o naturales, medidas para la reducci\u00f3n de pl\u00e1sticos desechables y substituirlos por alternativas biodegradable. <\/p>\n<p>Este acuerdo de igual forma contempla, entre otras cosas, que los\u00a0promotores de las actividades al aire libre, suscribir\u00e1n el convenio con el municipio, en que se obliga a cumplir con el compromiso, para lo cual har\u00e1 constar el tipo de desechables que utilizar\u00e1, as\u00ed como la disposici\u00f3n de recipientes que tendr\u00e1 en el desarrollo de la actividad, los cuales habr\u00e1n de ser transportados a centros de acopio para su reciclaje, cuando correspondan a reciclables. <\/p>\n<p>El proyecto aprobado, asimismo instaura que es la Direcci\u00f3n de Gesti\u00f3n Ambiental de la Alcald\u00eda de Panam\u00e1, la instancia encargada de\u00a0efectuar campa\u00f1as de divulgaci\u00f3n al p\u00fablico sobre las medidas adoptadas que deber\u00e1n ser realizadas y de promover campa\u00f1as de sensibilizaci\u00f3n dirigidas a orientar a la poblaci\u00f3n sobre los efectos de consumo de pl\u00e1sticos y la protecci\u00f3n del ambiente. <\/p>\n<p>El acuerdo, que\u00a0entrar\u00e1 a regir a partir de su promulgaci\u00f3n,\u00a0fue presentado por la Alcaldesa Encargada Raisa Banfield, quien declar\u00f3, que este es un avance en la lucha contra la contaminaci\u00f3n por pl\u00e1sticos de un s\u00f3lo uso y permitir\u00e1 que los comercios y proveedores ensayen con formas no contaminantes para manejar sus productos y que esto, en resumidas, contribuir\u00e1 a la salvaci\u00f3n de los oc\u00e9anos. <\/p>\n","protected":false},"excerpt":{"rendered":"<p>El Proyecto de Acuerdo por medio del cual se establecen <a href=\"https:\/\/sertv.gob.pa\/nacionalfm\/aprueban-proyecto-de-acuerdo-sobre-la-reduccion-del-plastico-desechable\/\"> [&#8230;]<\/a><\/p>\n","protected":false},"author":1,"featured_media":30933,"comment_status":"closed","ping_status":"closed","sticky":false,"template":"","format":"standard","meta":{"footnotes":""},"categories":[2],"tags":[],"class_list":["post-30932","post","type-post","status-publish","format-standard","has-post-thumbnail","hentry","category-nacionales"],"_links":{"self":[{"href":"https:\/\/sertv.gob.pa\/nacionalfm\/wp-json\/wp\/v2\/posts\/30932","targetHints":{"allow":["GET"]}}],"collection":[{"href":"https:\/\/sertv.gob.pa\/nacionalfm\/wp-json\/wp\/v2\/posts"}],"about":[{"href":"https:\/\/sertv.gob.pa\/nacionalfm\/wp-json\/wp\/v2\/types\/post"}],"author":[{"embeddable":true,"href":"https:\/\/sertv.gob.pa\/nacionalfm\/wp-json\/wp\/v2\/users\/1"}],"replies":[{"embeddable":true,"href":"https:\/\/sertv.gob.pa\/nacionalfm\/wp-json\/wp\/v2\/comments?post=30932"}],"version-history":[{"count":0,"href":"https:\/\/sertv.gob.pa\/nacionalfm\/wp-json\/wp\/v2\/posts\/30932\/revisions"}],"wp:featuredmedia":[{"embeddable":true,"href":"https:\/\/sertv.gob.pa\/nacionalfm\/wp-json\/wp\/v2\/media\/30933"}],"wp:attachment":[{"href":"https:\/\/sertv.gob.pa\/nacionalfm\/wp-json\/wp\/v2\/media?parent=30932"}],"wp:term":[{"taxonomy":"category","embeddable":true,"href":"https:\/\/sertv.gob.pa\/nacionalfm\/wp-json\/wp\/v2\/categories?post=30932"},{"taxonomy":"post_tag","embeddable":true,"href":"https:\/\/sertv.gob.pa\/nacionalfm\/wp-json\/wp\/v2\/tags?post=30932"}],"curies":[{"name":"wp","href":"https:\/\/api.w.org\/{rel}","templated":true}]}}