{"id":30934,"date":"2018-09-26T16:18:53","date_gmt":"2018-09-26T16:18:53","guid":{"rendered":""},"modified":"2018-09-26T16:18:53","modified_gmt":"2018-09-26T16:18:53","slug":"el-papa-industria-de-armas-en-un-mundo-hambriento-es-escandalosa","status":"publish","type":"post","link":"https:\/\/sertv.gob.pa\/nacionalfm\/el-papa-industria-de-armas-en-un-mundo-hambriento-es-escandalosa\/","title":{"rendered":"El Papa: \u2018Industria de armas en un mundo hambriento es escandalosa&#8217;"},"content":{"rendered":"<p>\n  EFE   <\/p>\n<p>\u00a0 <\/p>\n<p>El papa Francisco clam\u00f3 ayer contra la industria y el contrabando de armas, afirmando que son &lsquo;algo escandaloso&#8217; en un mundo con tanta gente hambrienta, durante la rueda de prensa a bordo del avi\u00f3n con el que regresaba de su viaje por los pa\u00edses b\u00e1lticos. <\/p>\n<p>&lsquo;Es escandalosa la industria de las armas ante un mundo hambriento&#8217;, afirm\u00f3 Jorge Bergoglio a los periodistas en el avi\u00f3n, entre ellos la enviada de Efe, sobre su denuncia durante la homil\u00eda de hoy en Estonia sobre los despliegues de tropas y de armamento de algunos pa\u00edses. <\/p>\n<p>&lsquo;Los gastos mundiales en armas hoy son escandalosos. Me dec\u00edan que con lo que se gasta en armas en un mes se pod\u00eda dar de comer a todos los hambrientos del mundo durante un a\u00f1o. Es terrible. La industria, el comercio, el contrabando de las armas es una de las corrupciones m\u00e1s grandes&#8217;, explic\u00f3 Francisco en la rueda de prensa. <\/p>\n<p>Ante ello, el pont\u00edfice argentino habl\u00f3 de que tambi\u00e9n existe &lsquo;la l\u00f3gica de la defensa&#8217; y que para defender los pa\u00edses &lsquo;se tiene que tener un razonable ej\u00e9rcito de defensa, pero no agresivo y as\u00ed la defensa es leg\u00edtima&#8217;. &lsquo;Es un honor defender a la patria, pero el problema es cuando esta defensa es agresiva y no razonable y se llega a la guerra. Hay guerra de fronteras no solo en Europa, sino tambi\u00e9n en otros continentes&#8217;, explic\u00f3 volviendo de los pa\u00edses b\u00e1lticos, que desde hace a\u00f1os mantienen relaciones dif\u00edciles con su vecino Rusia. E insisti\u00f3 que &lsquo;es razonable y leg\u00edtimo defender las fronteras&#8217; como es leg\u00edtimo &lsquo;tener una llave en la puerta para la defensa de la casa&#8217;, puso como ejemplo. <\/p>\n<p>Durante su gira Francisco estuvo en Lituania, Letonia y Estonia, un periplo en el que ha promovido la unidad y que se produce 25 a\u00f1os despu\u00e9s de visita de San Juan Pablo II. <\/p>\n","protected":false},"excerpt":{"rendered":"<p>EFE \u00a0 El papa Francisco clam\u00f3 ayer contra la industria <a href=\"https:\/\/sertv.gob.pa\/nacionalfm\/el-papa-industria-de-armas-en-un-mundo-hambriento-es-escandalosa\/\"> [&#8230;]<\/a><\/p>\n","protected":false},"author":1,"featured_media":30935,"comment_status":"closed","ping_status":"closed","sticky":false,"template":"","format":"standard","meta":{"footnotes":""},"categories":[3],"tags":[],"class_list":["post-30934","post","type-post","status-publish","format-standard","has-post-thumbnail","hentry","category-internacionales"],"_links":{"self":[{"href":"https:\/\/sertv.gob.pa\/nacionalfm\/wp-json\/wp\/v2\/posts\/30934","targetHints":{"allow":["GET"]}}],"collection":[{"href":"https:\/\/sertv.gob.pa\/nacionalfm\/wp-json\/wp\/v2\/posts"}],"about":[{"href":"https:\/\/sertv.gob.pa\/nacionalfm\/wp-json\/wp\/v2\/types\/post"}],"author":[{"embeddable":true,"href":"https:\/\/sertv.gob.pa\/nacionalfm\/wp-json\/wp\/v2\/users\/1"}],"replies":[{"embeddable":true,"href":"https:\/\/sertv.gob.pa\/nacionalfm\/wp-json\/wp\/v2\/comments?post=30934"}],"version-history":[{"count":0,"href":"https:\/\/sertv.gob.pa\/nacionalfm\/wp-json\/wp\/v2\/posts\/30934\/revisions"}],"wp:featuredmedia":[{"embeddable":true,"href":"https:\/\/sertv.gob.pa\/nacionalfm\/wp-json\/wp\/v2\/media\/30935"}],"wp:attachment":[{"href":"https:\/\/sertv.gob.pa\/nacionalfm\/wp-json\/wp\/v2\/media?parent=30934"}],"wp:term":[{"taxonomy":"category","embeddable":true,"href":"https:\/\/sertv.gob.pa\/nacionalfm\/wp-json\/wp\/v2\/categories?post=30934"},{"taxonomy":"post_tag","embeddable":true,"href":"https:\/\/sertv.gob.pa\/nacionalfm\/wp-json\/wp\/v2\/tags?post=30934"}],"curies":[{"name":"wp","href":"https:\/\/api.w.org\/{rel}","templated":true}]}}