{"id":30936,"date":"2018-09-26T16:39:39","date_gmt":"2018-09-26T16:39:39","guid":{"rendered":""},"modified":"2018-09-26T16:39:39","modified_gmt":"2018-09-26T16:39:39","slug":"ryanair-rebaja-a-150-el-numero-de-vuelos-cancelados-por-huelga-del-viernes","status":"publish","type":"post","link":"https:\/\/sertv.gob.pa\/nacionalfm\/ryanair-rebaja-a-150-el-numero-de-vuelos-cancelados-por-huelga-del-viernes\/","title":{"rendered":"Ryanair rebaja a 150 el n\u00famero de vuelos cancelados por huelga del viernes"},"content":{"rendered":"<p>\n  EFE   <\/p>\n<p>\u00a0 <\/p>\n<p>La aerol\u00ednea irlandesa de bajo coste Ryanair rebaj\u00f3 hoy a 150, de los 190 inicialmente previstos, el n\u00famero de vuelos que se cancelar\u00e1n por la huelga prevista para este viernes en seis pa\u00edses europeos. En un comunicado, la empresa indic\u00f3 que la reducci\u00f3n se debe a que \u00abla gran mayor\u00eda\u00bb de sus empleados \u00abtrabajar\u00e1 con normalidad\u00bb, sin aportar m\u00e1s detalles. <\/p>\n<p>De esta manera, m\u00e1s del 92 % de los 2.400 vuelos de Ryanair programados para dentro de dos d\u00edas \u00abno se ver\u00e1n afectados por la huelga innecesaria y operar\u00e1n con normalidad\u00bb, declara la empresa en la nota. La compa\u00f1\u00eda, que lleva meses inmersa en disputas laborales con su plantilla internacional, asegura que ha enviado mensajes a todos los clientes afectados \u00abinform\u00e1ndoles de la cancelaci\u00f3n de su vuelo, as\u00ed como de sus opciones\u00bb. <\/p>\n<p>\u00abHemos hecho todo lo posible por evitar esta huelga, y nos disculpamos sinceramente con todos los clientes afectados\u00bb, manifiesta. <\/p>\n<p>Ryanair afronta este viernes huelgas por parte de la tripulaci\u00f3n de cabina en Espa\u00f1a, B\u00e9lgica, Holanda, Portugal, Italia y Alemania, y calcula que en unos 30.000 viajeros podr\u00e1n ver\u00e1n afectados. <\/p>\n","protected":false},"excerpt":{"rendered":"<p>EFE \u00a0 La aerol\u00ednea irlandesa de bajo coste Ryanair rebaj\u00f3 <a href=\"https:\/\/sertv.gob.pa\/nacionalfm\/ryanair-rebaja-a-150-el-numero-de-vuelos-cancelados-por-huelga-del-viernes\/\"> [&#8230;]<\/a><\/p>\n","protected":false},"author":1,"featured_media":30937,"comment_status":"closed","ping_status":"closed","sticky":false,"template":"","format":"standard","meta":{"footnotes":""},"categories":[3],"tags":[],"class_list":["post-30936","post","type-post","status-publish","format-standard","has-post-thumbnail","hentry","category-internacionales"],"_links":{"self":[{"href":"https:\/\/sertv.gob.pa\/nacionalfm\/wp-json\/wp\/v2\/posts\/30936","targetHints":{"allow":["GET"]}}],"collection":[{"href":"https:\/\/sertv.gob.pa\/nacionalfm\/wp-json\/wp\/v2\/posts"}],"about":[{"href":"https:\/\/sertv.gob.pa\/nacionalfm\/wp-json\/wp\/v2\/types\/post"}],"author":[{"embeddable":true,"href":"https:\/\/sertv.gob.pa\/nacionalfm\/wp-json\/wp\/v2\/users\/1"}],"replies":[{"embeddable":true,"href":"https:\/\/sertv.gob.pa\/nacionalfm\/wp-json\/wp\/v2\/comments?post=30936"}],"version-history":[{"count":0,"href":"https:\/\/sertv.gob.pa\/nacionalfm\/wp-json\/wp\/v2\/posts\/30936\/revisions"}],"wp:featuredmedia":[{"embeddable":true,"href":"https:\/\/sertv.gob.pa\/nacionalfm\/wp-json\/wp\/v2\/media\/30937"}],"wp:attachment":[{"href":"https:\/\/sertv.gob.pa\/nacionalfm\/wp-json\/wp\/v2\/media?parent=30936"}],"wp:term":[{"taxonomy":"category","embeddable":true,"href":"https:\/\/sertv.gob.pa\/nacionalfm\/wp-json\/wp\/v2\/categories?post=30936"},{"taxonomy":"post_tag","embeddable":true,"href":"https:\/\/sertv.gob.pa\/nacionalfm\/wp-json\/wp\/v2\/tags?post=30936"}],"curies":[{"name":"wp","href":"https:\/\/api.w.org\/{rel}","templated":true}]}}