{"id":30938,"date":"2018-09-26T16:56:40","date_gmt":"2018-09-26T16:56:40","guid":{"rendered":""},"modified":"2018-09-26T16:56:40","modified_gmt":"2018-09-26T16:56:40","slug":"desarman-a-la-policia-de-acapulco","status":"publish","type":"post","link":"https:\/\/sertv.gob.pa\/nacionalfm\/desarman-a-la-policia-de-acapulco\/","title":{"rendered":"Desarman a la polic\u00eda de Acapulco"},"content":{"rendered":"<p>\nFuerzas federales desarmaron a toda la polic\u00eda local del puerto de Acapulco ante sospechas de que grupos criminales se infiltraron entre ellos y que quedaron al mando de la seguridad en este tur\u00edstico municipio en la costa del Pac\u00edfico mexicano. <\/p>\n<p>Seg\u00fan inform\u00f3 el Grupo de Coordinaci\u00f3n Guerrero, responsable de la seguridad en este estado del sur del pa\u00eds, en el operativo particip\u00f3 el ej\u00e9rcito, la marina, la polic\u00eda federal y la estatal y la fiscal\u00eda de Guerrero, que verificaron a todo el personal, el armamento, chalecos bal\u00edsticos, cartuchos y radios de comunicaci\u00f3n. Todo el material qued\u00f3 bajo resguardo de las autoridades estatales. Durante esta revisi\u00f3n, los dos mandos operativos de la polic\u00eda de Acapulco fueron detenidos por su probable responsabilidad en el delito de homicidio y el jefe de la polic\u00eda de tr\u00e1fico fue puesto a disposici\u00f3n federal despu\u00e9s de que se le encontraran armas no oficiales. <\/p>\n<p>&ldquo;Los dem\u00e1s integrantes de esta corporaci\u00f3n est\u00e1n sujetos a investigaci\u00f3n&rdquo;, agrega la nota. <\/p>\n<p>El portavoz de seguridad del estado, Roberto \u00c1lvarez Heredia, dijo que todos los agentes municipales ser\u00e1n evaluados y sometidos a ex\u00e1menes de control de confianza mientras las fiscal\u00edas federal y estatal realizan las investigaciones correspondientes. <\/p>\n","protected":false},"excerpt":{"rendered":"<p>Fuerzas federales desarmaron a toda la polic\u00eda local del puerto <a href=\"https:\/\/sertv.gob.pa\/nacionalfm\/desarman-a-la-policia-de-acapulco\/\"> [&#8230;]<\/a><\/p>\n","protected":false},"author":1,"featured_media":30939,"comment_status":"closed","ping_status":"closed","sticky":false,"template":"","format":"standard","meta":{"footnotes":""},"categories":[3],"tags":[],"class_list":["post-30938","post","type-post","status-publish","format-standard","has-post-thumbnail","hentry","category-internacionales"],"_links":{"self":[{"href":"https:\/\/sertv.gob.pa\/nacionalfm\/wp-json\/wp\/v2\/posts\/30938","targetHints":{"allow":["GET"]}}],"collection":[{"href":"https:\/\/sertv.gob.pa\/nacionalfm\/wp-json\/wp\/v2\/posts"}],"about":[{"href":"https:\/\/sertv.gob.pa\/nacionalfm\/wp-json\/wp\/v2\/types\/post"}],"author":[{"embeddable":true,"href":"https:\/\/sertv.gob.pa\/nacionalfm\/wp-json\/wp\/v2\/users\/1"}],"replies":[{"embeddable":true,"href":"https:\/\/sertv.gob.pa\/nacionalfm\/wp-json\/wp\/v2\/comments?post=30938"}],"version-history":[{"count":0,"href":"https:\/\/sertv.gob.pa\/nacionalfm\/wp-json\/wp\/v2\/posts\/30938\/revisions"}],"wp:featuredmedia":[{"embeddable":true,"href":"https:\/\/sertv.gob.pa\/nacionalfm\/wp-json\/wp\/v2\/media\/30939"}],"wp:attachment":[{"href":"https:\/\/sertv.gob.pa\/nacionalfm\/wp-json\/wp\/v2\/media?parent=30938"}],"wp:term":[{"taxonomy":"category","embeddable":true,"href":"https:\/\/sertv.gob.pa\/nacionalfm\/wp-json\/wp\/v2\/categories?post=30938"},{"taxonomy":"post_tag","embeddable":true,"href":"https:\/\/sertv.gob.pa\/nacionalfm\/wp-json\/wp\/v2\/tags?post=30938"}],"curies":[{"name":"wp","href":"https:\/\/api.w.org\/{rel}","templated":true}]}}