{"id":30940,"date":"2018-09-26T17:21:26","date_gmt":"2018-09-26T17:21:26","guid":{"rendered":""},"modified":"2018-09-26T17:21:26","modified_gmt":"2018-09-26T17:21:26","slug":"kirk-vuelve-a-ser-tormenta-tropical-rumbo-a-barbados","status":"publish","type":"post","link":"https:\/\/sertv.gob.pa\/nacionalfm\/kirk-vuelve-a-ser-tormenta-tropical-rumbo-a-barbados\/","title":{"rendered":"Kirk vuelve a ser tormenta tropical rumbo a Barbados"},"content":{"rendered":"<p>\n  Miami \/ EFE   <\/p>\n<p>\u00a0 <\/p>\n<p>La\u00a0tormenta tropical Kirk\u00a0se reactiv\u00f3 durante las \u00faltimas horas mientras\u00a0avanza por el Atl\u00e1ntico hacia el Caribe\u00a0y se prev\u00e9 que\u00a0se acerque a Barbados el jueves\u00a0y luego se debilite, inform\u00f3 hoy el Centro Nacional de Huracanes (NHC) de Estados Unidos. El NHC anunci\u00f3 en su bolet\u00edn m\u00e1s reciente una advertencia de\u00a0tormenta tropical para Barbados,\u00a0Santa Luc\u00eda,\u00a0Dominica,\u00a0Martinica\u00a0y\u00a0Guadalupe. <\/p>\n<p>Kirk, que\u00a0se hab\u00eda convertido\u00a0en un\u00a0remanente de baja presi\u00f3n\u00a0este lunes, se\u00a0organiz\u00f3 de nuevo y avanza\u00a0con\u00a0vientos m\u00e1ximos sostenidos\u00a0de\u00a075 kil\u00f3metros por hora. <\/p>\n<p>En su \u00faltimo bolet\u00edn, el NHC, con sede en Miami, indic\u00f3 que\u00a0la tormenta estaba unos 665 kil\u00f3metros\u00a0al\u00a0este de Barbados\u00a0y\u00a0865 kil\u00f3metros\u00a0al\u00a0este sureste de Martinica. La\u00a0tormenta\u00a0se\u00a0mueve hacia el oeste\u00a0a una\u00a0velocidad\u00a0de cerca de\u00a030 km\/h. El NHC prev\u00e9 que\u00a0Kirk se debilite r\u00e1pidamente el viernes\u00a0mientras se mueve\u00a0sobre el Caribe. <\/p>\n","protected":false},"excerpt":{"rendered":"<p>Miami \/ EFE \u00a0 La\u00a0tormenta tropical Kirk\u00a0se reactiv\u00f3 durante las <a href=\"https:\/\/sertv.gob.pa\/nacionalfm\/kirk-vuelve-a-ser-tormenta-tropical-rumbo-a-barbados\/\"> [&#8230;]<\/a><\/p>\n","protected":false},"author":1,"featured_media":30941,"comment_status":"closed","ping_status":"closed","sticky":false,"template":"","format":"standard","meta":{"footnotes":""},"categories":[3],"tags":[],"class_list":["post-30940","post","type-post","status-publish","format-standard","has-post-thumbnail","hentry","category-internacionales"],"_links":{"self":[{"href":"https:\/\/sertv.gob.pa\/nacionalfm\/wp-json\/wp\/v2\/posts\/30940","targetHints":{"allow":["GET"]}}],"collection":[{"href":"https:\/\/sertv.gob.pa\/nacionalfm\/wp-json\/wp\/v2\/posts"}],"about":[{"href":"https:\/\/sertv.gob.pa\/nacionalfm\/wp-json\/wp\/v2\/types\/post"}],"author":[{"embeddable":true,"href":"https:\/\/sertv.gob.pa\/nacionalfm\/wp-json\/wp\/v2\/users\/1"}],"replies":[{"embeddable":true,"href":"https:\/\/sertv.gob.pa\/nacionalfm\/wp-json\/wp\/v2\/comments?post=30940"}],"version-history":[{"count":0,"href":"https:\/\/sertv.gob.pa\/nacionalfm\/wp-json\/wp\/v2\/posts\/30940\/revisions"}],"wp:featuredmedia":[{"embeddable":true,"href":"https:\/\/sertv.gob.pa\/nacionalfm\/wp-json\/wp\/v2\/media\/30941"}],"wp:attachment":[{"href":"https:\/\/sertv.gob.pa\/nacionalfm\/wp-json\/wp\/v2\/media?parent=30940"}],"wp:term":[{"taxonomy":"category","embeddable":true,"href":"https:\/\/sertv.gob.pa\/nacionalfm\/wp-json\/wp\/v2\/categories?post=30940"},{"taxonomy":"post_tag","embeddable":true,"href":"https:\/\/sertv.gob.pa\/nacionalfm\/wp-json\/wp\/v2\/tags?post=30940"}],"curies":[{"name":"wp","href":"https:\/\/api.w.org\/{rel}","templated":true}]}}