{"id":30942,"date":"2018-09-26T19:10:52","date_gmt":"2018-09-26T19:10:52","guid":{"rendered":""},"modified":"2018-09-26T19:10:52","modified_gmt":"2018-09-26T19:10:52","slug":"palabras-del-presidente-juan-carlos-varela-en-la-asamblea-general-de-la-onu","status":"publish","type":"post","link":"https:\/\/sertv.gob.pa\/nacionalfm\/palabras-del-presidente-juan-carlos-varela-en-la-asamblea-general-de-la-onu\/","title":{"rendered":"Palabras del Presidente Juan Carlos Varela en la Asamblea General de la ONU"},"content":{"rendered":"<p>\nEstimados Jefes de Estado y delegaciones. <\/p>\n<p>\u00a0 <\/p>\n<p>Extiendo mis saludos a la Presidenta de la Asamblea General, Mar\u00eda Fernanda Espinosa, a quien deseo reconocer por ser la primera mujer latinoamericana en ocupar esta alta posici\u00f3n de las Naciones Unidas; Al Secretario General, Antonio Guterres, por su renovado compromiso con esta organizaci\u00f3n. <\/p>\n<p>Al pueblo paname\u00f1o, desde esta tribuna, le agradezco una vez m\u00e1s, haberme dado la oportunidad de servirles. <\/p>\n<p>Regreso a esta Asamblea por s\u00e9ptima vez y con esta participaci\u00f3n cierro un cap\u00edtulo como Jefe de Estado y en unos meses abrir\u00e9 uno nuevo como un ciudadano m\u00e1s del mundo, pero decidido a continuar apoyando los esfuerzos de esta instituci\u00f3n, luchando por la paz y la justicia social, siguiendo el ejemplo de grandes l\u00edderes como Nelson Mandela y Kofi Annan. <\/p>\n<p>En estos a\u00f1os he sido testigo de debates y esfuerzos de la ONU por buscar la armon\u00eda en el mundo. Algunos de los l\u00edderes a quienes escuch\u00e9 en este recinto, ya no est\u00e1n con nosotros. Unos partieron en paz y otros en condiciones violentas. <\/p>\n<p>Hemos logrado metas ambiciosas desde la aprobaci\u00f3n de los Objetivos de Desarrollo Sostenible hasta el compromiso por cumplirlos en el a\u00f1o 2030; quedan muchos retos pendientes, como la paz en Siria. El tema de esta Asamblea nos lleva a la siguiente reflexi\u00f3n: \u00bfEstamos haciendo lo suficiente como l\u00edderes para lograr que esta organizaci\u00f3n tenga un impacto real en la vida de las personas?\u00a0 La respuesta est\u00e1 en el compromiso de quienes estamos encargados de dirigir los destinos de nuestros pa\u00edses. <\/p>\n<p>Esta instituci\u00f3n fue fundada sobre el convencimiento de que los l\u00edderes del mundo deben ser capaces de guiar el camino que nos lleve a resolver pac\u00edficamente nuestras diferencias. Pesa sobre quienes acudimos a esta convocatoria anual la responsabilidad de que el sue\u00f1o por la paz y la fraternidad se convierta en realidad. Esa paz que no solo la amenazan las armas sino tambi\u00e9n las injusticias, la pobreza, el hambre, la inequidad y la falta de oportunidades a nuestra gente. <\/p>\n<p>Por eso, como parte del compromiso que asumimos al adoptar los Objetivos de Desarrollo Sostenible como una pol\u00edtica de Estado, en 4 a\u00f1os, nuestro gobierno ha caminado con paso firme hacia el cumplimiento de los mismos: Hemos reconstruido ciudades completas; y m\u00e1s de 100 mil familias paname\u00f1as tendr\u00e1n una nueva vivienda para que sus hijos tengan acceso a una vida digna. <\/p>\n<p>Hemos identificado las principales enfermedades que afectan a nuestros ciudadanos mediante un censo de salud masivo el cual nos permite suministrar el tratamiento de salud preventiva. Estamos transformando el sistema de educaci\u00f3n paname\u00f1o para que sea biling\u00fce, convirti\u00e9ndolo en uno m\u00e1s equitativo. M\u00e1s de 6,000 maestros paname\u00f1os se han capacitado en el exterior para ense\u00f1ar el idioma ingl\u00e9s y se est\u00e1n construyendo m\u00e1s de 3 mil nuevas aulas para nuestros estudiantes. Adem\u00e1s, fortalecimos el sistema de educaci\u00f3n t\u00e9cnica superior. <\/p>\n<p>Me llena de orgullo compartir con ustedes, que en estos momentos un grupo de maestros paname\u00f1os est\u00e1n ense\u00f1\u00e1ndole ingl\u00e9s a ni\u00f1os sirios refugiados en el campamento de Satari en Jordania. Con una inversi\u00f3n r\u00e9cord, estamos dotando de sistemas modernos de saneamiento a diversas ciudades del pa\u00eds y construyendo nuevas plantas potabilizadoras que ampl\u00edan agresivamente la cobertura de agua potable. <\/p>\n<p>Somos el pa\u00eds en Latinoam\u00e9rica con la mayor inversi\u00f3n en movilidad urbana &ndash; con 2 mil kil\u00f3metros en nuevas carreteras, 22 kil\u00f3metros de metro que pronto entrar\u00e1n en operaci\u00f3n y 26 por iniciar construcci\u00f3n. <\/p>\n<p>Redujimos en un 50% la inseguridad, rescatamos miles de j\u00f3venes de bandas delincuenciales y fortalecimos las capacidades de nuestra fuerza p\u00fablica. <\/p>\n<p>Panam\u00e1 es un pa\u00eds distinto al que recib\u00ed en el 2014. Ante todos los paname\u00f1os y ante el mundo, hoy puedo decir con la frente en alto que hemos cumplido al transformar la pol\u00edtica en un servicio, reconstruyendo nuestra democracia, haci\u00e9ndola funcional para nuestras futuras generaciones. <\/p>\n<p>He gobernado mi pa\u00eds en paz, con di\u00e1logo y consenso, utilizando la fuerza del Estado \u00fanicamente para proteger al pueblo y no para enfrentarlo. <\/p>\n<p>He cumplido con la palabra que di el primer d\u00eda de mi mandato: luchar frontalmente contra la corrupci\u00f3n y que nadie est\u00e9 por encima de la ley. <\/p>\n<p>Quedan muchos retos por delante. El Sistema Judicial a\u00fan tiene desaf\u00edos importantes para asegurar que no exista la impunidad. <\/p>\n<p>Hemos trabajado incansablemente para fortalecer nuestras instituciones y consolidar nuestra joven democracia, respetando y apoyando a las autoridades electas de todos los partidos pol\u00edticos y sus comunidades, aumentando sus capacidades econ\u00f3micas. <\/p>\n<p>El pr\u00f3ximo a\u00f1o, Panam\u00e1 celebrar\u00e1 sus s\u00e9ptimas elecciones en democracia, con un organismo electoral que ha probado ser garant\u00eda para un sufragio transparente. <\/p>\n<p>Gracias a la reforma electoral profunda que respaldamos, esta ser\u00e1 la campa\u00f1a m\u00e1s justa, corta y transparente que se celebrar\u00e1 en la historia de nuestro pa\u00eds. <\/p>\n<p>Por primera vez, el Estado tendr\u00e1 la total responsabilidad en el financiamiento de las campa\u00f1as medi\u00e1ticas. <\/p>\n<p>Seguimos consolid\u00e1ndonos como un pa\u00eds de uni\u00f3n con una fuerte conectividad a\u00e9rea que se consolida con un nuevo aeropuerto; Una conectividad mar\u00edtima que se fortalece con su canal ampliado y nuevos puertos. Y una conectividad humana, donde nuestra posici\u00f3n geogr\u00e1fica y facilidades como un nuevo centro de convenciones y un nuevo puerto de cruceros jugar\u00e1n un papel importante. <\/p>\n<p>Contamos con una plataforma log\u00edstica y financiera al servicio del comercio mundial, que hemos defendido y protegido para que no sea utilizada para nada ilegal. <\/p>\n<p>Hemos sido testigos de la exitosa culminaci\u00f3n de la ampliaci\u00f3n del Canal que representa los principios de nuestro pa\u00eds por su capacidad de unir al mundo, por su permanente neutralidad y apertura al comercio mundial. <\/p>\n<p>Esta v\u00eda interoce\u00e1nica fue recuperada por los paname\u00f1os gracias a los tratados del Canal de Panam\u00e1, y a la decisi\u00f3n valiente de un ser humano sencillo, el ex Presidente de los Estados Unidos Jimmy Carter a quien hoy p\u00fablicamente le reconozco ese compromiso que cambi\u00f3 el rumbo de nuestra naci\u00f3n. <\/p>\n<p>Pasamos por situaciones complejas que afectaron la imagen de nuestro pa\u00eds &ndash; pero pudimos salir adelante, bajo el principio de que la justicia se convierte en una injusticia cuando afecta al inocente y demostramos al mundo que el \u00e9xito de nuestro pa\u00eds y de su econom\u00eda est\u00e1 s\u00f3lo vinculado al trabajo honesto de nuestro pueblo. <\/p>\n<p>En estos a\u00f1os trabajamos para cumplir los Objetivos de Desarrollo Sostenible sacando a m\u00e1s de 150,000 paname\u00f1os de la pobreza reduciendo 5 puntos porcentuales del 25 al 20%; Mantuvimos un crecimiento econ\u00f3mico promedio del 5%; reforzamos el sistema de protecci\u00f3n social para los adultos mayores y estudiantes; mejoramos significativamente la infraestructura hospitalaria, educativa y la escolaridad, el acceso al agua potable, la educaci\u00f3n y la vivienda; tambi\u00e9n, hemos recibido de manera digna a decenas de miles de ciudadanos de otros pa\u00edses que han buscado en nuestra tierra un mejor futuro para sus familias. <\/p>\n<p>Fuimos testigos de la crisis migratoria de m\u00e1s de 100,000 haitianos que salieron a Brasil a ra\u00edz del terremoto. Estando en Brasil, debido a la crisis econ\u00f3mica que sufri\u00f3 este pa\u00eds se vieron obligados a volver a migrar. Muchos perdieron sus vidas en el camino. <\/p>\n<p>Reconozco el liderazgo que Chile asumi\u00f3 en la soluci\u00f3n de esta tragedia humana recibi\u00e9ndolos en su pa\u00eds. En el rostro de Juan, un ni\u00f1o africano de 7 a\u00f1os que hoy vive s\u00f3lo en Panam\u00e1 porque perdi\u00f3 a su madre caminando en las monta\u00f1as entre Panam\u00e1 y Colombia, veo la imagen tr\u00e1gica de la migraci\u00f3n. <\/p>\n<p>Ese ni\u00f1o marc\u00f3 en lo m\u00e1s profundo de mi coraz\u00f3n el compromiso de que los pa\u00edses debemos manejar los flujos migratorios en forma ordenada, respetando siempre el derecho que tienen los seres humanos de buscar mejores condiciones de vida. <\/p>\n<p>Miles de migrantes de otros continentes cruzan nuestra frontera con Colombia a trav\u00e9s de la peligrosa selva del Dari\u00e9n, arriesgando sus vidas en busca de la esperanza de hacer sus sue\u00f1os realidad. <\/p>\n<p>Las lecciones aprendidas de estas crisis migratorias nos obligan hoy a reiterar el llamado en\u00e9rgico al gobierno de Venezuela para que recuperen el di\u00e1logo pol\u00edtico y en democracia encuentren la paz social que evitar\u00e1 que contin\u00fae la migraci\u00f3n masiva y la crisis humanitaria de venezolanos buscando tener acceso a sus necesidades b\u00e1sicas. <\/p>\n<p>Estos movimientos migratorios s\u00f3lo se resuelven eliminando las causas que obligan a los ciudadanos a salir de sus pa\u00edses, arriesgando su seguridad y la de sus familias. Esto es un reto importante de esta organizaci\u00f3n. <\/p>\n<p>Hemos participado activamente en la construcci\u00f3n del Pacto Global por una Migraci\u00f3n Segura, Ordenada y Regular que ser\u00e1 adoptado este a\u00f1o en el seno de esta organizaci\u00f3n con el objeto de contribuir al marco global para enfrentar estas crisis, desde nuestra experiencia. <\/p>\n<p>Los pa\u00edses tenemos la responsabilidad de desarrollar pol\u00edticas que permitan el manejo controlado de estos flujos migratorios, con respeto a la dignidad humana. En los pr\u00f3ximos d\u00edas, Panam\u00e1 estar\u00e1 anunciando medidas humanitarias que apoyar\u00e1n a las familias venezolanas que residen en nuestro pa\u00eds. <\/p>\n<p>Panam\u00e1 es una mezcla de ciudadanos que han venido de todas partes del mundo que han encontrado en esta hermosa tierra su nuevo hogar. <\/p>\n<p>Hemos aprendido a vivir en paz, respetando todas las creencias religiosas, ideolog\u00edas pol\u00edticas y pensamientos. En esta era de la comunicaci\u00f3n y las redes sociales no hay espacio para la discriminaci\u00f3n de ninguna clase. Todos somos ciudadanos de este planeta, esta es nuestra casa. <\/p>\n<p>Las denuncias de violaciones a los derechos humanos y de las libertades fundamentales de los hermanos nicarag\u00fcenses pueden generar otro flujo migratorio en Centroam\u00e9rica. <\/p>\n<p>Reitero el llamado al Gobierno de Nicaragua y a los actores sociales para que en el di\u00e1logo pol\u00edtico encuentren la paz. <\/p>\n<p>En 2015, Panam\u00e1 fue el anfitri\u00f3n del acercamiento hist\u00f3rico entre Cuba y los Estados Unidos. <\/p>\n<p>Desde aqu\u00ed, reiteramos el llamado a que se retome este camino y se reconozcan los pasos que ha dado el gobierno de Cuba para la apertura de su sistema econ\u00f3mico que beneficia a los cubanos y al desarrollo econ\u00f3mico y social de la isla. <\/p>\n<p>Quiero destacar que, aunque nuestro continente est\u00e1 en paz, la crisis pol\u00edtica de Venezuela; el aumento de la producci\u00f3n de drogas en Colombia; la corrupci\u00f3n que ha afectado tantas econom\u00edas de la regi\u00f3n y la tensa situaci\u00f3n en Nicaragua son retos que exigen a los dirigentes pol\u00edticos de la regi\u00f3n a redoblar esfuerzos para encontrar caminos de avenimiento que devuelvan la paz social a estos pa\u00edses. <\/p>\n<p>En la lucha contra el narcotr\u00e1fico, Panam\u00e1 re enfocar\u00e1 su estrategia, en donde no s\u00f3lo nos concentraremos en la interdicci\u00f3n de drogas y arresto de delincuentes sino en la reconversi\u00f3n de comunidades y personas para que corten sus v\u00ednculos con los grupos ilegales y sean leales al Estado. <\/p>\n<p>Ratificamos nuestro compromiso de estar en la primera l\u00ednea de las naciones que, junto a los organismos multilaterales, trabajan por un mundo mejor. Por ello en el mes de noviembre con la presencia de los Cancilleres de Centro Am\u00e9rica y el Caribe, estaremos inaugurando el Centro Log\u00edstico Regional de Asistencia Humanitaria. <\/p>\n<p>Panam\u00e1 pone al servicio de la Regi\u00f3n su conectividad para atender desastres naturales y emergencias que se den en el continente. <\/p>\n<p> Se\u00f1oras y Se\u00f1ores:  <\/p>\n<p>Respetando los sistemas de gobiernos, siento que el futuro de la pol\u00edtica no ser\u00e1 s\u00f3lo c\u00f3mo se obtiene el poder sino c\u00f3mo se usa este para el beneficio del pueblo. <\/p>\n<p>Convencidos de la necesidad de contribuir en la construcci\u00f3n de un mundo m\u00e1s justo y pac\u00edfico, Panam\u00e1 trabaja para ampliar su agenda bilateral con pa\u00edses del Sudeste Asi\u00e1tico, Medio Oriente, \u00c1frica, Australia y China, como una manera de acercarnos al mundo y cumplir con ese rol de pa\u00eds generador de puentes. <\/p>\n<p>En los \u00faltimos 10 a\u00f1os, he tenido la oportunidad de visitar m\u00e1s de 40 pa\u00edses, y conocer de primera mano mejores pr\u00e1cticas, tecnolog\u00eda y programas de cooperaci\u00f3n que hemos podido utilizar en mi pa\u00eds. <\/p>\n<p>De esto se trata la diplomacia: utilizar nuestras capacidades para ayudarnos los unos a los otros y no destruirnos. As\u00ed estamos desarrollando un monorriel con tecnolog\u00eda japonesa, un metro con trenes franceses, educaci\u00f3n t\u00e9cnica superior con el modelo de Singapur y plantas generadoras de energ\u00eda el\u00e9ctrica a base de gas natural con tecnolog\u00eda norteamericana. <\/p>\n<p>Siguiendo esa vocaci\u00f3n de ser puente del mundo, Panam\u00e1 ser\u00e1 sede de la Jornada Mundial de la Juventud en enero de 2019. <\/p>\n<p>Un encuentro que con la presencia del Papa Francisco busca congregar a cientos de miles de j\u00f3venes de 192 pa\u00edses, en torno al objetivo com\u00fan de la paz para construir un mundo mejor, superando las barreras culturales y religiosas. <\/p>\n<p>Me despido de esta Asamblea General con la consciencia en paz por haber usado el poder pol\u00edtico recibido del pueblo s\u00f3lo para su beneficio, luchando en todo momento porque el \u00e9xito de Panam\u00e1 no s\u00f3lo sea para nosotros, sino el de todos. <\/p>\n<p>Hoy, deseo manifestar ante todos ustedes y ante el mundo mi compromiso de continuar trabajando como un ciudadano responsable del mundo junto a mi pueblo y a todas las naciones por el fortalecimiento del sistema de las Naciones Unidas, de todos sus organismos y para que los habitantes de este hermoso planeta siempre sean el centro de todas nuestras luchas y esfuerzos. <\/p>\n<p>Para terminar, quiero compartir con ustedes el orgullo que siento de haber contribuido en el fortalecimiento de la vocaci\u00f3n de mi pa\u00eds de ser puente de paz, de di\u00e1logo y justicia social. <\/p>\n<p>Muchas gracias. <\/p>\n<p>\u00a0 <\/p>\n","protected":false},"excerpt":{"rendered":"<p>Estimados Jefes de Estado y delegaciones. \u00a0 Extiendo mis saludos <a href=\"https:\/\/sertv.gob.pa\/nacionalfm\/palabras-del-presidente-juan-carlos-varela-en-la-asamblea-general-de-la-onu\/\"> [&#8230;]<\/a><\/p>\n","protected":false},"author":1,"featured_media":30943,"comment_status":"closed","ping_status":"closed","sticky":false,"template":"","format":"standard","meta":{"footnotes":""},"categories":[2],"tags":[],"class_list":["post-30942","post","type-post","status-publish","format-standard","has-post-thumbnail","hentry","category-nacionales"],"_links":{"self":[{"href":"https:\/\/sertv.gob.pa\/nacionalfm\/wp-json\/wp\/v2\/posts\/30942","targetHints":{"allow":["GET"]}}],"collection":[{"href":"https:\/\/sertv.gob.pa\/nacionalfm\/wp-json\/wp\/v2\/posts"}],"about":[{"href":"https:\/\/sertv.gob.pa\/nacionalfm\/wp-json\/wp\/v2\/types\/post"}],"author":[{"embeddable":true,"href":"https:\/\/sertv.gob.pa\/nacionalfm\/wp-json\/wp\/v2\/users\/1"}],"replies":[{"embeddable":true,"href":"https:\/\/sertv.gob.pa\/nacionalfm\/wp-json\/wp\/v2\/comments?post=30942"}],"version-history":[{"count":0,"href":"https:\/\/sertv.gob.pa\/nacionalfm\/wp-json\/wp\/v2\/posts\/30942\/revisions"}],"wp:featuredmedia":[{"embeddable":true,"href":"https:\/\/sertv.gob.pa\/nacionalfm\/wp-json\/wp\/v2\/media\/30943"}],"wp:attachment":[{"href":"https:\/\/sertv.gob.pa\/nacionalfm\/wp-json\/wp\/v2\/media?parent=30942"}],"wp:term":[{"taxonomy":"category","embeddable":true,"href":"https:\/\/sertv.gob.pa\/nacionalfm\/wp-json\/wp\/v2\/categories?post=30942"},{"taxonomy":"post_tag","embeddable":true,"href":"https:\/\/sertv.gob.pa\/nacionalfm\/wp-json\/wp\/v2\/tags?post=30942"}],"curies":[{"name":"wp","href":"https:\/\/api.w.org\/{rel}","templated":true}]}}