{"id":30944,"date":"2018-09-26T20:01:56","date_gmt":"2018-09-26T20:01:56","guid":{"rendered":""},"modified":"2018-09-26T20:01:56","modified_gmt":"2018-09-26T20:01:56","slug":"primera-dama-de-panama-hace-llamado-en-favor-de-las-mujeres","status":"publish","type":"post","link":"https:\/\/sertv.gob.pa\/nacionalfm\/primera-dama-de-panama-hace-llamado-en-favor-de-las-mujeres\/","title":{"rendered":"Primera Dama de Panam\u00e1, hace llamado en favor de las mujeres"},"content":{"rendered":"<p>\nAnte las Naciones Unidas, la primera Dama de la Rep\u00fablica de Panam\u00e1, Lorena Castillo de Varela, hace llamado a fortalecer las medidas de prevenci\u00f3n, proveer asistencia oportuna y comprensiva a los millones de mujeres que sufren violencia por raz\u00f3n de g\u00e9nero, porque es un asunto serio que pone en peligro la vida de millones de mujeres, ni\u00f1as y ni\u00f1os y constituye un grave problema internacional de salud p\u00fablica y de derechos humanos.\u00a0 <\/p>\n<p>&ldquo;No hay espacio para la violencia de g\u00e9nero, necesitamos proteger a las mujeres, ni\u00f1as y ni\u00f1os. Cuando proteges, empoderas y educas a las mujeres, a las ni\u00f1as y ni\u00f1os, la comunidad florece&rdquo;, remarc\u00f3 la primera Dama paname\u00f1a. <\/p>\n<p>Durante su aportaci\u00f3n en el Panel: Eliminaci\u00f3n de la Violencia Sexual y de G\u00e9nero, la Protecci\u00f3n de la Salud y los Derechos de las Mujeres, Ni\u00f1as y Ni\u00f1os en Entornos Humanitarios, realizado en Naciones Unidas, organizado por ONUSIDA y la Organizaci\u00f3n de Primeras Damas Africanas contra el VIH \/ SIDA, ONU Mujeres, UNICEF, UNFPA, pronunci\u00f3, que los efectos da\u00f1inos de las crisis humanitarias, tales como: desplazamiento, la destrucci\u00f3n de estructuras de la comunidad, pobreza, y la falta de recursos aumenta el riesgo de violencia por raz\u00f3n de g\u00e9nero. <\/p>\n<p>Castillo de Varela, exterioriz\u00f3, que se hace necesario reforzar los sistemas de denuncias y\u00a0\u00a0acciones judiciales a fin de que los perpetradores de la violencia asuman las consecuencias de sus actos. <\/p>\n<p>Indic\u00f3, que las v\u00edctimas de violencia por raz\u00f3n de g\u00e9nero corren un alto riesgo de sufrir problemas de salud graves y de larga duraci\u00f3n, incluyendo la muerte ocasionada por lesiones o suicido. &ldquo;Dentro de las consecuencias relativas a la salud se pueden incluir al embarazo no deseado, aborto autoinducido en condiciones de riesgo, infanticidio, e infecciones de transmisi\u00f3n sexual, incluyendo el VIH&rdquo;, remarc\u00f3 la primera Dama de Panam\u00e1, en presencia del Director de ONUSIDA, Michel Sidib\u00e9. <\/p>\n<p>Record\u00f3, que la Declaraci\u00f3n Pol\u00edtica sobre VIH de 2016, establece la meta clara de eliminar las desigualdades de g\u00e9nero y acabar con todas las formas de violencia y discriminaci\u00f3n contra las mujeres y las ni\u00f1as, tales como: la violencia basada en el g\u00e9nero, la violencia sexual, la violencia dom\u00e9stica y perpetrada por la pareja, incluyendo en situaciones de conflicto, post conflicto y crisis humanitarias. <\/p>\n<p>Sustent\u00f3 que, pese a toda la buena voluntad de muchos gobiernos, las respuestas que suelen darse a estas crisis son, en muchas veces, inadecuadas o insuficientes. <\/p>\n<p>Durante el evento que se desarroll\u00f3 en el marco de la 73 Asamblea General de las Naciones Unidas, Castillo de Varela, sostuvo que las mujeres, no s\u00f3lo son clave para la supervivencia y el bienestar de los ni\u00f1os, las familias y las comunidades; tambi\u00e9n desempe\u00f1an un papel fundamental para ayudar a construir la resiliencia y prevenir conflictos, as\u00ed como para facilitar la transici\u00f3n de la crisis al desarrollo sostenible. <\/p>\n<p>&ldquo;Las inversiones en la salud y el bienestar de las mujeres y ni\u00f1as, particularmente en entornos fr\u00e1giles y humanitarios, rendir\u00e1n enormes dividendos, ya que las mujeres, adolescentes y ni\u00f1as sanas y empoderadas son nuestros agentes m\u00e1s valiosos de paz, estabilidad y resiliencia&rdquo;, puntualiz\u00f3. <\/p>\n","protected":false},"excerpt":{"rendered":"<p>Ante las Naciones Unidas, la primera Dama de la Rep\u00fablica <a href=\"https:\/\/sertv.gob.pa\/nacionalfm\/primera-dama-de-panama-hace-llamado-en-favor-de-las-mujeres\/\"> [&#8230;]<\/a><\/p>\n","protected":false},"author":1,"featured_media":30945,"comment_status":"closed","ping_status":"closed","sticky":false,"template":"","format":"standard","meta":{"footnotes":""},"categories":[2],"tags":[],"class_list":["post-30944","post","type-post","status-publish","format-standard","has-post-thumbnail","hentry","category-nacionales"],"_links":{"self":[{"href":"https:\/\/sertv.gob.pa\/nacionalfm\/wp-json\/wp\/v2\/posts\/30944","targetHints":{"allow":["GET"]}}],"collection":[{"href":"https:\/\/sertv.gob.pa\/nacionalfm\/wp-json\/wp\/v2\/posts"}],"about":[{"href":"https:\/\/sertv.gob.pa\/nacionalfm\/wp-json\/wp\/v2\/types\/post"}],"author":[{"embeddable":true,"href":"https:\/\/sertv.gob.pa\/nacionalfm\/wp-json\/wp\/v2\/users\/1"}],"replies":[{"embeddable":true,"href":"https:\/\/sertv.gob.pa\/nacionalfm\/wp-json\/wp\/v2\/comments?post=30944"}],"version-history":[{"count":0,"href":"https:\/\/sertv.gob.pa\/nacionalfm\/wp-json\/wp\/v2\/posts\/30944\/revisions"}],"wp:featuredmedia":[{"embeddable":true,"href":"https:\/\/sertv.gob.pa\/nacionalfm\/wp-json\/wp\/v2\/media\/30945"}],"wp:attachment":[{"href":"https:\/\/sertv.gob.pa\/nacionalfm\/wp-json\/wp\/v2\/media?parent=30944"}],"wp:term":[{"taxonomy":"category","embeddable":true,"href":"https:\/\/sertv.gob.pa\/nacionalfm\/wp-json\/wp\/v2\/categories?post=30944"},{"taxonomy":"post_tag","embeddable":true,"href":"https:\/\/sertv.gob.pa\/nacionalfm\/wp-json\/wp\/v2\/tags?post=30944"}],"curies":[{"name":"wp","href":"https:\/\/api.w.org\/{rel}","templated":true}]}}