{"id":30946,"date":"2018-09-26T20:37:24","date_gmt":"2018-09-26T20:37:24","guid":{"rendered":""},"modified":"2018-09-26T20:37:24","modified_gmt":"2018-09-26T20:37:24","slug":"panama-comparte-en-la-onu-su-experiencia-sobre-el-ipm","status":"publish","type":"post","link":"https:\/\/sertv.gob.pa\/nacionalfm\/panama-comparte-en-la-onu-su-experiencia-sobre-el-ipm\/","title":{"rendered":"Panam\u00e1, comparte en la ONU, su experiencia sobre el IPM"},"content":{"rendered":"<p>\nEl Gobierno de la Rep\u00fablica de Panam\u00e1, como miembro de la Red de Pobreza Multidimensional, ofrece un evento paralelo de alto nivel en el marco de la 73\u00aa Asamblea General de las Naciones Unidas, a fin de propiciar un espacio de intercambio de experiencias entre l\u00edderes de gobiernos de distintas partes del mundo y organismos internacionales, respecto al uso pr\u00e1ctico del \u00cdndice de Pobreza Multidimensional (IPM) como herramienta clave para avanzar hacia el cumplimiento del primer Objetivo de Desarrollo Sostenible: poner fin a la pobreza. <\/p>\n<p>El evento paralelo, denominado &ldquo;Usos del \u00cdndice de Pobreza Multidimensional como gu\u00eda para la creaci\u00f3n de pol\u00edticas innovadoras para erradicar la pobreza en todas sus dimensiones&rdquo;, fue presidido por el Presidente de la Rep\u00fablica de Panam\u00e1, Juan Carlos Varela, y cont\u00f3 con la participaci\u00f3n de Juan Orlando Hern\u00e1ndez, Presidente de Honduras; Epsy Campbell Barr, Vicepresidenta de Costa Rica; Achim Steiner Administrador mundial del Programa de las Naciones Unidas Para el Desarrollo (PNUD); Sabina Alkire, Directora de la Iniciativa de pobreza y desarrollo humano de la Universidad de Oxford (OPHI, sus siglas en ingl\u00e9s); Jorge Familiar, Vicepresidente para Am\u00e9rica Latina del Banco Mundial; Laurence Chandy Director de investigaci\u00f3n de datos y pol\u00edtica de Unicef; as\u00ed como Ministros de Bangladesh, Guatemala, M\u00e9xico, Sur\u00e1frica, Egipto, Sierra Leona, Filipinas y Burkina Faso. <\/p>\n<p>Al momento de su intervenci\u00f3n, el Presidente Varela, comparti\u00f3 la experiencia del Gobierno de Panam\u00e1, en lo relativo a la construcci\u00f3n del primer \u00cdndice de Pobreza Multidimensional de Ni\u00f1os, Ni\u00f1as y Adolescentes (IPM-NNA) de la regi\u00f3n de Am\u00e9rica Latina y el Caribe, el cual fue presentado el pasado 12 de septiembre, como parte del X Foro Ministerial para el Desarrollo de Am\u00e9rica Latina y el Caribe, celebrado en nuestro pa\u00eds.\u00a0\u00a0Este avance de Panam\u00e1, resulta de gran relevancia a nivel global, especialmente despu\u00e9s de que los resultados del IPM Global, presentados el jueves pasado por OPHI y PNUD, evidenciasen que la mitad de los pobres del mundo son ni\u00f1as y ni\u00f1os, lo que hace necesario que los Estados cuenten con instrumentos como el IPM-NNA, que capturen las carencias que los afectan a fin de orientar las pol\u00edticas encaminadas a garantizar su bienestar y pleno desarrollo. <\/p>\n<p>Achim Steiner, Administrador del PNUD a nivel mundial, felicit\u00f3 al Gobierno de Panam\u00e1, por su progreso en la implementaci\u00f3n de la Agenda 2030 y por su liderazgo en cuanto al abordaje multidimensional de la pobreza, al lanzar el primer IPM-NNA de Am\u00e9rica Latina y el Caribe. &ldquo;Gracias a la informaci\u00f3n que ofrece el IPM, la idea de eliminar la pobreza en todas sus formas es todo menos imposible&rdquo;, se\u00f1al\u00f3.\u00a0\u00a0Por su parte, Sabina Alkire, Directora de OPHI manifest\u00f3 que &ldquo;la discusi\u00f3n generada en este evento paralelo, basada en experiencias pr\u00e1cticas, promueve la colaboraci\u00f3n entre gobiernos y otros sectores para el dise\u00f1o de soluciones sostenibles que tengan un mayor impacto sobre las vidas de las personas que viven en condiciones de pobreza&rdquo;. <\/p>\n<p>El evento, que fue organizado conjuntamente con OPHI y PNUD, permiti\u00f3 al mandatario, agradecerles a ambos por el acompa\u00f1amiento t\u00e9cnico brindado al equipo de Gobierno a cargo de la estimaci\u00f3n del IPM nacional y al IPM-NNA, el cual tambi\u00e9n cont\u00f3 con el apoyo de UNICEF. <\/p>\n<p>La Asamblea General, es el evento anual m\u00e1s importante de la ONU, y el \u00fanico que cuenta con representaci\u00f3n universal, al convocar a los l\u00edderes de los 193 Estados que la conforman.\u00a0\u00a0En la misma, los l\u00edderes mundiales, debaten sobre los temas m\u00e1s importantes de nuestro tiempo, a fin de establecer la agenda mundial para el pr\u00f3ximo a\u00f1o. El tema oficial para este a\u00f1o, est\u00e1 relacionado al liderazgo mundial y responsabilidades compartidas para sociedades pac\u00edficas, equitativas y sostenibles. <\/p>\n<p>Los ODS, fueron adoptados por todos los Estados miembro de las Naciones Unidas en septiembre de 2015, durante la 70\u00ba Asamblea General, los cuales consisten en 17 objetivos y 169 metas, que descansan sobre tres pilares b\u00e1sicos: el crecimiento econo\u0301mico, la inclusi\u00f3n social y la protecci\u00f3n del medio ambiente. Los ODS, reconocen la importancia de alianzas para el cumplimiento de los mismos. <\/p>\n","protected":false},"excerpt":{"rendered":"<p>El Gobierno de la Rep\u00fablica de Panam\u00e1, como miembro de <a href=\"https:\/\/sertv.gob.pa\/nacionalfm\/panama-comparte-en-la-onu-su-experiencia-sobre-el-ipm\/\"> [&#8230;]<\/a><\/p>\n","protected":false},"author":1,"featured_media":30947,"comment_status":"closed","ping_status":"closed","sticky":false,"template":"","format":"standard","meta":{"footnotes":""},"categories":[2],"tags":[],"class_list":["post-30946","post","type-post","status-publish","format-standard","has-post-thumbnail","hentry","category-nacionales"],"_links":{"self":[{"href":"https:\/\/sertv.gob.pa\/nacionalfm\/wp-json\/wp\/v2\/posts\/30946","targetHints":{"allow":["GET"]}}],"collection":[{"href":"https:\/\/sertv.gob.pa\/nacionalfm\/wp-json\/wp\/v2\/posts"}],"about":[{"href":"https:\/\/sertv.gob.pa\/nacionalfm\/wp-json\/wp\/v2\/types\/post"}],"author":[{"embeddable":true,"href":"https:\/\/sertv.gob.pa\/nacionalfm\/wp-json\/wp\/v2\/users\/1"}],"replies":[{"embeddable":true,"href":"https:\/\/sertv.gob.pa\/nacionalfm\/wp-json\/wp\/v2\/comments?post=30946"}],"version-history":[{"count":0,"href":"https:\/\/sertv.gob.pa\/nacionalfm\/wp-json\/wp\/v2\/posts\/30946\/revisions"}],"wp:featuredmedia":[{"embeddable":true,"href":"https:\/\/sertv.gob.pa\/nacionalfm\/wp-json\/wp\/v2\/media\/30947"}],"wp:attachment":[{"href":"https:\/\/sertv.gob.pa\/nacionalfm\/wp-json\/wp\/v2\/media?parent=30946"}],"wp:term":[{"taxonomy":"category","embeddable":true,"href":"https:\/\/sertv.gob.pa\/nacionalfm\/wp-json\/wp\/v2\/categories?post=30946"},{"taxonomy":"post_tag","embeddable":true,"href":"https:\/\/sertv.gob.pa\/nacionalfm\/wp-json\/wp\/v2\/tags?post=30946"}],"curies":[{"name":"wp","href":"https:\/\/api.w.org\/{rel}","templated":true}]}}