{"id":30950,"date":"2018-09-27T12:34:42","date_gmt":"2018-09-27T12:34:42","guid":{"rendered":""},"modified":"2018-09-27T12:34:42","modified_gmt":"2018-09-27T12:34:42","slug":"lideres-del-mundo-se-comprometen-a-acabar-con-la-tuberculosis","status":"publish","type":"post","link":"https:\/\/sertv.gob.pa\/nacionalfm\/lideres-del-mundo-se-comprometen-a-acabar-con-la-tuberculosis\/","title":{"rendered":"L\u00edderes del mundo se comprometen a acabar con la tuberculosis"},"content":{"rendered":"<p>\nLa tuberculosis es una de las enfermedades m\u00e1s antiguas que se conocen y la  infecci\u00f3n que m\u00e1s personas mata cada a\u00f1o en el planeta . Pero hasta el 26 de septiembre de 2018, los l\u00edderes del mundo no se hab\u00edan sentado a tratar el problema al m\u00e1s alto nivel. Lo han hecho en la 73\u00aa Asamblea General de la ONU en Nueva York, donde se han comprometido asegurarse de que 40 millones de enfermos reciban tratamiento hasta el final de 2022, adem\u00e1s de aportar medicaci\u00f3n preventiva a otros 30 millones en riesgo para evitar que la desarrollen. <\/p>\n<p>Terminar con esta terrible epidemia que afecta cada a\u00f1o a m\u00e1s de 10 millones de personas y mata a 1,6 millones es una de las metas incluidas en los  Objetivos de Desarrollo Sostenible , la agenda que se ha impuesto el mundo hasta 2030. Pero tres a\u00f1os despu\u00e9s de que se aprobase, los avances han sido t\u00edmidos.  Como mostr\u00f3 el \u00faltimo informe de la enfermedad , presentado por la Organizaci\u00f3n Mundial de la Salud (OMS) la semana pasada, la tuberculosis remite, la mortalidad tambi\u00e9n, pero a un ritmo tan lento que tardar\u00edamos m\u00e1s de un siglo y medio en acabar con ella. <\/p>\n<p> El Pa\u00eds  <\/p>\n","protected":false},"excerpt":{"rendered":"<p>La tuberculosis es una de las enfermedades m\u00e1s antiguas que <a href=\"https:\/\/sertv.gob.pa\/nacionalfm\/lideres-del-mundo-se-comprometen-a-acabar-con-la-tuberculosis\/\"> [&#8230;]<\/a><\/p>\n","protected":false},"author":1,"featured_media":30951,"comment_status":"closed","ping_status":"closed","sticky":false,"template":"","format":"standard","meta":{"footnotes":""},"categories":[5],"tags":[],"class_list":["post-30950","post","type-post","status-publish","format-standard","has-post-thumbnail","hentry","category-salud"],"_links":{"self":[{"href":"https:\/\/sertv.gob.pa\/nacionalfm\/wp-json\/wp\/v2\/posts\/30950","targetHints":{"allow":["GET"]}}],"collection":[{"href":"https:\/\/sertv.gob.pa\/nacionalfm\/wp-json\/wp\/v2\/posts"}],"about":[{"href":"https:\/\/sertv.gob.pa\/nacionalfm\/wp-json\/wp\/v2\/types\/post"}],"author":[{"embeddable":true,"href":"https:\/\/sertv.gob.pa\/nacionalfm\/wp-json\/wp\/v2\/users\/1"}],"replies":[{"embeddable":true,"href":"https:\/\/sertv.gob.pa\/nacionalfm\/wp-json\/wp\/v2\/comments?post=30950"}],"version-history":[{"count":0,"href":"https:\/\/sertv.gob.pa\/nacionalfm\/wp-json\/wp\/v2\/posts\/30950\/revisions"}],"wp:featuredmedia":[{"embeddable":true,"href":"https:\/\/sertv.gob.pa\/nacionalfm\/wp-json\/wp\/v2\/media\/30951"}],"wp:attachment":[{"href":"https:\/\/sertv.gob.pa\/nacionalfm\/wp-json\/wp\/v2\/media?parent=30950"}],"wp:term":[{"taxonomy":"category","embeddable":true,"href":"https:\/\/sertv.gob.pa\/nacionalfm\/wp-json\/wp\/v2\/categories?post=30950"},{"taxonomy":"post_tag","embeddable":true,"href":"https:\/\/sertv.gob.pa\/nacionalfm\/wp-json\/wp\/v2\/tags?post=30950"}],"curies":[{"name":"wp","href":"https:\/\/api.w.org\/{rel}","templated":true}]}}