{"id":30952,"date":"2018-09-27T14:36:42","date_gmt":"2018-09-27T14:36:42","guid":{"rendered":""},"modified":"2018-09-27T14:36:42","modified_gmt":"2018-09-27T14:36:42","slug":"vicepresidenta-confirma-ante-nu-liderazgo-de-panama-en-derechos-humanos","status":"publish","type":"post","link":"https:\/\/sertv.gob.pa\/nacionalfm\/vicepresidenta-confirma-ante-nu-liderazgo-de-panama-en-derechos-humanos\/","title":{"rendered":"Vicepresidenta confirma ante NU, liderazgo de Panam\u00e1 en Derechos Humanos"},"content":{"rendered":"<p>\nLa Vicepresidenta y Canciller, Isabel De Saint Malo de Alvarado, particip\u00f3 el mi\u00e9rcoles, 26 de septiembre, de la intervenci\u00f3n del Presidente de la Rep\u00fablica, Juan Carlos Varela, en la Asamblea General, donde comparti\u00f3 con la comunidad internacional su visi\u00f3n social y el compromiso de Panam\u00e1 con los Objetivos de Desarrollo Sostenible.\u00a0 <\/p>\n<p>De Saint Malo de Alvarado, tambi\u00e9n se dio cita en algunos de los eventos m\u00e1s importantes celebrados en el marco de la Asamblea General, como la reuni\u00f3n de alto nivel para conmemorar los 70 a\u00f1os de la Declaraci\u00f3n Universal de los Derechos Humanos, inaugurado por el Secretario General de las Naciones Unidas, Antonio Guterres, y la reci\u00e9n designada Alta Comisionada para los Derechos Humanos de esta misma organizaci\u00f3n, Michelle Bachelet, y moderado por el Director de la organizaci\u00f3n Human Rights Watch, Kenneth Roth.\u00a0 <\/p>\n<p>De esta manera, l\u00edderes globales, compartieron progresos y propuestas sobre acciones de prevenci\u00f3n como herramienta para obtener la paz y el desarrollo sostenible. En esta l\u00ednea, la diplom\u00e1tica paname\u00f1a, recalc\u00f3 que la promoci\u00f3n de los Derechos Humanos y el respeto a las libertades fundamentales constituyen una herramienta de prevenci\u00f3n de conflictos, e inst\u00f3 a considerar algunos retrocesos que enfrenta hoy el mundo con violaciones sistem\u00e1ticas a estos Derechos, &ldquo;que pa\u00edses en democracia no podemos ignorar&rdquo;. Paralelamente, a\u00f1adi\u00f3, que la lucha contra el cambio clim\u00e1tico debe verse bajo el enfoque de derechos humanos, ya que aspectos como el acceso a la salud, alimentaci\u00f3n, el agua y vivienda est\u00e1n directamente relacionados a este.\u00a0 <\/p>\n<p>Con orgullo comparti\u00f3 que en 1944, el entonces Canciller paname\u00f1o Ricardo J. Alfaro, particip\u00f3 activamente en las negociaciones de este instrumento internacional, y que hoy Panam\u00e1 es miembro activo del Consejo de Derechos Humanos, desde donde promueve estas libertades fundamentales y ha apoyado el proceso de fortalecimiento institucional de este \u00f3rgano global.\u00a0\u00a0 <\/p>\n<p>Consecutivamente De Saint Malo de Alvarado, tambi\u00e9n Champion de la coalici\u00f3n global de igualdad salarial (EPIC, por sus siglas en ingl\u00e9s), intervino en el panel organizado por la Organizaci\u00f3n Internacional de Trabajo (OIT), ONU Mujeres y la OCDE, donde plantearon acciones globales ante los actuales retos, en materia de equidad de g\u00e9nero, as\u00ed como soluciones innovadoras para alcanzar la paridad. &ldquo;Tiene sentido&rdquo;, resalt\u00f3 la Vicepresidenta de Panam\u00e1, al incidir en que los pa\u00edses y sus econom\u00edas pierden cuando no se incorpora el talento femenino. Resalt\u00f3 adem\u00e1s que en Panam\u00e1, se ha hecho un importante trabajo de visibilizaci\u00f3n de la problem\u00e1tica, y que se ha logrado sumar a gobierno, empresa y sociedad civil para emprender acciones que logren reducir esta brecha de g\u00e9nero.\u00a0\u00a0 <\/p>\n<p> Panam\u00e1 e India identifican prioridades de su agenda\u00a0  <\/p>\n<p>En el marco de su participaci\u00f3n en este encuentro global, la Vicepresidenta y Canciller se reuni\u00f3 con la Ministra de Relaciones Exteriores de India, Sushma Swaraj, espacio en el cual la diplom\u00e1tica hind\u00fa reconoci\u00f3 el positivo impacto de la Visita del Vicepresidente de su pa\u00eds a Panam\u00e1 en mayo pasado, lo cual permiti\u00f3 identificar las \u00e1reas prioritarias de trabajo entre ambas naciones.\u00a0\u00a0\u00a0 <\/p>\n<p>Swaraj, destac\u00f3 el inter\u00e9s de India, por fortalecer los \u00e1mbitos de comercio, cultura, transporte mar\u00edtimo y ciencia; y confirm\u00f3 que exploran oportunidades de negocio con Panam\u00e1, aprovechando la plataforma y conectividad que brinda con el resto de la regi\u00f3n.\u00a0 <\/p>\n<p>De Saint Malo de Alvarado, comparti\u00f3 con su hom\u00f3loga que para Panam\u00e1, India es un actor importante en el marco de la Pol\u00edtica Halc\u00f3n, que busca generar acercamientos con otras regiones. Igualmente, reconoci\u00f3 la destacable trayectoria de India en cuanto a ciencia y tecnolog\u00eda, y propuso llevar a cabos una visita de una delegaci\u00f3n de cient\u00edficos paname\u00f1os a Nueva Delhi, a fin de conocer de primera mano proyectos de investigaci\u00f3n en estos \u00e1mbitos y determinar posibilidades de cooperaci\u00f3n. Este planteamiento, como explic\u00f3 la Canciller paname\u00f1a, se enmarca en la Diplomacia Cient\u00edfica, Tecnol\u00f3gica y de Innovaci\u00f3n que implementa Panam\u00e1, y pretende posicionar a nivel internacional el trabajo de paname\u00f1os, atraer cooperaci\u00f3n de pa\u00edses con clara experiencia en la materia y promover el intercambio acad\u00e9mico. <\/p>\n","protected":false},"excerpt":{"rendered":"<p>La Vicepresidenta y Canciller, Isabel De Saint Malo de Alvarado, <a href=\"https:\/\/sertv.gob.pa\/nacionalfm\/vicepresidenta-confirma-ante-nu-liderazgo-de-panama-en-derechos-humanos\/\"> [&#8230;]<\/a><\/p>\n","protected":false},"author":1,"featured_media":30953,"comment_status":"closed","ping_status":"closed","sticky":false,"template":"","format":"standard","meta":{"footnotes":""},"categories":[2],"tags":[],"class_list":["post-30952","post","type-post","status-publish","format-standard","has-post-thumbnail","hentry","category-nacionales"],"_links":{"self":[{"href":"https:\/\/sertv.gob.pa\/nacionalfm\/wp-json\/wp\/v2\/posts\/30952","targetHints":{"allow":["GET"]}}],"collection":[{"href":"https:\/\/sertv.gob.pa\/nacionalfm\/wp-json\/wp\/v2\/posts"}],"about":[{"href":"https:\/\/sertv.gob.pa\/nacionalfm\/wp-json\/wp\/v2\/types\/post"}],"author":[{"embeddable":true,"href":"https:\/\/sertv.gob.pa\/nacionalfm\/wp-json\/wp\/v2\/users\/1"}],"replies":[{"embeddable":true,"href":"https:\/\/sertv.gob.pa\/nacionalfm\/wp-json\/wp\/v2\/comments?post=30952"}],"version-history":[{"count":0,"href":"https:\/\/sertv.gob.pa\/nacionalfm\/wp-json\/wp\/v2\/posts\/30952\/revisions"}],"wp:featuredmedia":[{"embeddable":true,"href":"https:\/\/sertv.gob.pa\/nacionalfm\/wp-json\/wp\/v2\/media\/30953"}],"wp:attachment":[{"href":"https:\/\/sertv.gob.pa\/nacionalfm\/wp-json\/wp\/v2\/media?parent=30952"}],"wp:term":[{"taxonomy":"category","embeddable":true,"href":"https:\/\/sertv.gob.pa\/nacionalfm\/wp-json\/wp\/v2\/categories?post=30952"},{"taxonomy":"post_tag","embeddable":true,"href":"https:\/\/sertv.gob.pa\/nacionalfm\/wp-json\/wp\/v2\/tags?post=30952"}],"curies":[{"name":"wp","href":"https:\/\/api.w.org\/{rel}","templated":true}]}}